{"id":33444,"date":"2019-04-22T17:39:28","date_gmt":"2019-04-22T17:39:28","guid":{"rendered":"https:\/\/www.ccof.org\/reminder-comment-now-on-ota-gro-organic-initiative\/"},"modified":"2024-04-23T21:07:23","modified_gmt":"2024-04-23T21:07:23","slug":"reminder-comment-now-on-ota-gro-organic-initiative","status":"publish","type":"post","link":"http:\/\/www.ccof.org\/es\/news\/reminder-comment-now-on-ota-gro-organic-initiative\/","title":{"rendered":"Recordatorio: Comente ahora la iniciativa org\u00e1nica GRO de la OTA"},"content":{"rendered":"<p>La Asociaci\u00f3n de Comercio Ecol\u00f3gico (OTA) acepta ahora comentarios sobre la\u00a0<a       href=\"https:\/\/ota.com\/gro-organic-voluntary-research-promotion-and-education-program\">GRO Iniciativa org\u00e1nica<\/a>. Generate Results and Opportunity for Organic (GRO Organic) es una iniciativa del sector privado para un programa voluntario de investigaci\u00f3n, promoci\u00f3n y educaci\u00f3n org\u00e1nica. Ser\u00e1 dise\u00f1ado e implementado en colaboraci\u00f3n por los actores org\u00e1nicos.\u00a0<\/p>\n<p>Los comentarios sobre la iniciativa pueden enviarse hasta el 30 de abril de 2019 a\u00a0<a       href=\"mailto:GROideas@ota.com\">GROideas@ota.com<\/a>. No se aceptar\u00e1n respuestas an\u00f3nimas. Las propuestas deber\u00e1n incluir el nombre, la ubicaci\u00f3n y la afiliaci\u00f3n de la empresa para que el Comit\u00e9 Directivo del RGO Org\u00e1nico pueda solicitar aclaraciones y formular preguntas.<\/p>\n<p>La Asociaci\u00f3n de Comercio Ecol\u00f3gico ha hecho p\u00fablica la siguiente solicitud de informaci\u00f3n:\u00a0\u00a0<\/p>\n<p><strong>1. Cu\u00e9ntanos tu gran idea<\/strong><\/p>\n<p>\u00bfTiene una buena idea? \u00bfAlgo que podr\u00eda tener beneficios importantes y duraderos para los agricultores org\u00e1nicos, las empresas o los consumidores? \u00bfQuiz\u00e1s ya tiene una idea concreta de c\u00f3mo la industria ecol\u00f3gica podr\u00eda llegar a los consumidores sobre los beneficios de lo ecol\u00f3gico, o impulsar sistemas de apoyo para la transici\u00f3n de m\u00e1s agricultores ecol\u00f3gicos y hect\u00e1reas en EE.UU.? Si usted tiene una gran idea, por favor d\u00edganos cu\u00e1l es. A continuaci\u00f3n, desaf\u00edese a s\u00ed mismo a considerar su gran idea, o el concepto general de GRO para la investigaci\u00f3n coordinada voluntaria, la promoci\u00f3n y la educaci\u00f3n, frente a las siguientes preguntas estrat\u00e9gicas. Ponga papel y l\u00e1piz y expl\u00edquenos c\u00f3mo podr\u00edan funcionar sus ideas.<\/p>\n<p><strong>2.       Preguntas de participaci\u00f3n<\/strong><\/p>\n<p><em>(Recuerde que no es obligatorio. Todo el mundo podr\u00e1 elegir si desea participar).<\/em><\/p>\n<p>a. \u00bfQui\u00e9nes son las partes interesadas que podr\u00edan y\/o deber\u00edan optar por participar?\u00a0<\/p>\n<p>b. \u00bfC\u00f3mo maximizar la participaci\u00f3n?<\/p>\n<p>c. \u00bfC\u00f3mo garantizar una participaci\u00f3n equitativa?<\/p>\n<p>d. \u00bfC\u00f3mo fomentamos la participaci\u00f3n en ambos extremos de la cadena de suministro: agricultores y minoristas, de todos los tipos y tama\u00f1os?<\/p>\n<p>e. \u00bfDeber\u00eda haber un reconocimiento para los que participan?<\/p>\n<p><strong>3. Cuestiones de financiaci\u00f3n<\/strong><\/p>\n<p><em>(Recuerde que no se trata de una contribuci\u00f3n obligatoria. Cada uno podr\u00e1 elegir si quiere contribuir econ\u00f3micamente a apoyar el programa).<\/em><\/p>\n<p>a. \u00bfDeber\u00eda basarse el coste de participaci\u00f3n en las ventas org\u00e1nicas?<\/p>\n<p>b. \u00bfEl coste de participaci\u00f3n debe ser est\u00e1ndar o discrecional?<\/p>\n<p>c. \u00bfQui\u00e9n debe financiar el programa?<\/p>\n<p>d. \u00bfDeber\u00eda existir un modelo diferente para los puntos a lo largo de la cadena de suministro (por ejemplo, productores, fabricantes, distribuidores, importadores, minoristas, etc.)?<\/p>\n<p><strong>4. Preguntas para la toma de decisiones<\/strong><\/p>\n<p><em>(Recuerde que nos corresponde a nosotros establecer los par\u00e1metros de gobernanza para la toma de decisiones sobre los programas).<\/em><\/p>\n<p>a. \u00bfC\u00f3mo deben establecerse las prioridades? \u00bfC\u00f3mo deben tomarse las decisiones?\u00a0<\/p>\n<p>b. \u00bfCu\u00e1l deber\u00eda ser la composici\u00f3n de los responsables de la toma de decisiones?<\/p>\n<p>c. \u00bfLos participantes deben tener la misma voz o la influencia debe ponderarse en funci\u00f3n de la contribuci\u00f3n?<\/p>\n<p>d. \u00bfDeber\u00edamos crear un marco que pudiera ser un programa federal de cheques del USDA en el futuro?<\/p>\n<p>e. \u00bfDeber\u00eda haber restricciones en el uso de los d\u00f3lares?<\/p>\n<p><strong>5. Preguntas de programaci\u00f3n<\/strong><\/p>\n<p><em>(Recuerde, queremos desarrollar una programaci\u00f3n para investigar, promover y educar sobre lo org\u00e1nico que proporcione un retorno de la inversi\u00f3n significativo).<\/em><\/p>\n<p>a. \u00bfQu\u00e9 macroprioridades beneficiar\u00e1n a todas las empresas org\u00e1nicas?\u00a0<\/p>\n<p>b. \u00bfC\u00f3mo se pueden establecer \u00e1mbitos prioritarios y mantenerlos en el tiempo?<\/p>\n<p>c. \u00bfDebe haber una asignaci\u00f3n fija de fondos o discrecionalidad en funci\u00f3n de las prioridades?<\/p>\n<p>d. \u00bfC\u00f3mo pueden equilibrarse las prioridades entre las necesidades de cada sector y las mayores necesidades org\u00e1nicas en general?<\/p>\n<p>e. \u00bfC\u00f3mo desarrollar una estrategia de comunicaci\u00f3n que cuente con una amplia participaci\u00f3n?\u00a0<\/p>\n<p>f. \u00bfCu\u00e1l es su opini\u00f3n sobre la mejor manera de promover lo org\u00e1nico?\u00a0<\/p>\n<p>g. Adem\u00e1s de la investigaci\u00f3n, la promoci\u00f3n y la asistencia t\u00e9cnica, \u00bfexisten otras prioridades cr\u00edticas que deban abordarse?<\/p>\n<p>h. \u00bfCu\u00e1les son las tres principales prioridades de investigaci\u00f3n que puede abordar el GRO?\u00a0<\/p>\n<p><strong>6. 6. Cuestiones generales<\/strong><\/p>\n<p>a. \u00bfDeber\u00edamos seguir llamando \"check-off\" a un programa voluntario? \u00bfQu\u00e9 describe mejor el esfuerzo?<\/p>\n<p>b. \u00bfConoce otros programas de investigaci\u00f3n o educaci\u00f3n del consumidor financiados por la industria que sugiera que estudiemos?<\/p>\n<p>c. \u00bfQu\u00e9 otras preguntas hay que plantearse?<\/p>\n<p>Las partes interesadas tambi\u00e9n pueden\u00a0<a       href=\"mailto:tyoung@ota.com\">solicitar una reuni\u00f3n<\/a>\u00a0con la OTA para hablar de GRO org\u00e1nico.\u00a0<\/p>\n<p>En 2015, la OTA propuso un programa org\u00e1nico de pago obligatorio a nivel federal. El USDA propuso oficialmente un programa org\u00e1nico nacional en 2017, pero finalmente termin\u00f3 el proceso de reglamentaci\u00f3n antes de que se celebrara un refer\u00e9ndum sobre el programa.\u00a0<\/p>\n<p>Actualmente\u00a0<a       href=\"https:\/\/ota.com\/sites\/default\/files\/indexed_files\/GRO.pdf\">cuatro programas prototipo<\/a>\u00a0est\u00e1n en marcha para coordinar la investigaci\u00f3n, promoci\u00f3n y educaci\u00f3n org\u00e1nicas. El primero es una campa\u00f1a nacional en colaboraci\u00f3n con Organic Voices titulada \"It's Not Complicated\" (No es complicado) para reducir la confusi\u00f3n del consumidor sobre lo org\u00e1nico. Otros programas incluyen una investigaci\u00f3n en profundidad sobre c\u00f3mo reforzar la marca org\u00e1nica, avanzar en la investigaci\u00f3n sobre la salud del suelo y el cambio clim\u00e1tico para llenar las lagunas de conocimiento y mostrar los impactos beneficiosos de lo org\u00e1nico, y proporcionar financiaci\u00f3n para m\u00e1s agentes de extensi\u00f3n org\u00e1nica en todo el pa\u00eds.\u00a0<\/p>\n<p>Para m\u00e1s informaci\u00f3n o preguntas sobre GRO Organic, p\u00f3ngase en contacto con\u00a0<a href=\"mailto:tyoung@ota.com\">Tessa Young<\/a>\u00a0en la OTA.\u00a0<\/p>\n<figure class=\"content-image\"><\/figure>","protected":false},"excerpt":{"rendered":"<p>La Asociaci\u00f3n de Comercio Ecol\u00f3gico (OTA) est\u00e1 aceptando comentarios sobre la iniciativa GRO Organic. ...<\/p>","protected":false},"author":1,"featured_media":0,"comment_status":"open","ping_status":"open","sticky":false,"template":"","format":"standard","meta":{"_acf_changed":false,"_relevanssi_hide_post":"","_relevanssi_hide_content":"","_relevanssi_pin_for_all":"","_relevanssi_pin_keywords":"","_relevanssi_unpin_keywords":"","_relevanssi_related_keywords":"","_relevanssi_related_include_ids":"","_relevanssi_related_exclude_ids":"","_relevanssi_related_no_append":"","_relevanssi_related_not_related":"","_relevanssi_related_posts":"","_relevanssi_noindex_reason":"","footnotes":""},"categories":[110],"class_list":["post-33444","post","type-post","status-publish","format-standard","hentry","category-advocacy-news","language-english","advocacy_campaigns-farm-processor-viability","advocacy_campaigns-market-integrity-development"],"acf":[],"yoast_head":"<!-- This site is optimized with the Yoast SEO plugin v27.3 - https:\/\/yoast.com\/product\/yoast-seo-wordpress\/ -->\n<title>Reminder: Comment Now on OTA GRO Organic Initiative - CCOF.org<\/title>\n<meta name=\"robots\" content=\"index, follow, max-snippet:-1, max-image-preview:large, max-video-preview:-1\" \/>\n<link rel=\"canonical\" href=\"http:\/\/ccof.org\/news\/reminder-comment-now-on-ota-gro-organic-initiative\/\" \/>\n<meta property=\"og:locale\" content=\"es_MX\" \/>\n<meta property=\"og:type\" content=\"article\" \/>\n<meta property=\"og:title\" content=\"Reminder: Comment Now on OTA GRO Organic Initiative - CCOF.org\" \/>\n<meta property=\"og:description\" content=\"The Organic Trade Association (OTA) is now accepting comments on the\u00a0GRO Organic initiative. &hellip;\" \/>\n<meta property=\"og:url\" content=\"http:\/\/ccof.org\/news\/reminder-comment-now-on-ota-gro-organic-initiative\/\" \/>\n<meta property=\"og:site_name\" content=\"CCOF.org\" \/>\n<meta property=\"article:publisher\" content=\"https:\/\/www.facebook.com\/CCOForganic\" \/>\n<meta property=\"article:published_time\" content=\"2019-04-22T17:39:28+00:00\" \/>\n<meta property=\"article:modified_time\" content=\"2024-04-23T21:07:23+00:00\" \/>\n<meta name=\"author\" content=\"admin\" \/>\n<meta name=\"twitter:card\" content=\"summary_large_image\" \/>\n<meta name=\"twitter:label1\" content=\"Written by\" \/>\n\t<meta name=\"twitter:data1\" content=\"admin\" \/>\n\t<meta name=\"twitter:label2\" content=\"Est. reading time\" \/>\n\t<meta name=\"twitter:data2\" content=\"4 minutes\" \/>\n<script type=\"application\/ld+json\" class=\"yoast-schema-graph\">{\"@context\":\"https:\\\/\\\/schema.org\",\"@graph\":[{\"@type\":\"Article\",\"@id\":\"http:\\\/\\\/ccof.org\\\/news\\\/reminder-comment-now-on-ota-gro-organic-initiative\\\/#article\",\"isPartOf\":{\"@id\":\"http:\\\/\\\/ccof.org\\\/news\\\/reminder-comment-now-on-ota-gro-organic-initiative\\\/\"},\"author\":{\"name\":\"admin\",\"@id\":\"https:\\\/\\\/www.ccof.org\\\/#\\\/schema\\\/person\\\/5ccd134e7ab95678db6afcb521a44e07\"},\"headline\":\"Reminder: Comment Now on OTA GRO Organic Initiative\",\"datePublished\":\"2019-04-22T17:39:28+00:00\",\"dateModified\":\"2024-04-23T21:07:23+00:00\",\"mainEntityOfPage\":{\"@id\":\"http:\\\/\\\/ccof.org\\\/news\\\/reminder-comment-now-on-ota-gro-organic-initiative\\\/\"},\"wordCount\":755,\"commentCount\":0,\"publisher\":{\"@id\":\"https:\\\/\\\/www.ccof.org\\\/#organization\"},\"articleSection\":[\"Advocacy News\"],\"inLanguage\":\"es-MX\",\"potentialAction\":[{\"@type\":\"CommentAction\",\"name\":\"Comment\",\"target\":[\"http:\\\/\\\/ccof.org\\\/news\\\/reminder-comment-now-on-ota-gro-organic-initiative\\\/#respond\"]}]},{\"@type\":\"WebPage\",\"@id\":\"http:\\\/\\\/ccof.org\\\/news\\\/reminder-comment-now-on-ota-gro-organic-initiative\\\/\",\"url\":\"http:\\\/\\\/ccof.org\\\/news\\\/reminder-comment-now-on-ota-gro-organic-initiative\\\/\",\"name\":\"Reminder: Comment Now on OTA GRO Organic Initiative - CCOF.org\",\"isPartOf\":{\"@id\":\"https:\\\/\\\/www.ccof.org\\\/#website\"},\"datePublished\":\"2019-04-22T17:39:28+00:00\",\"dateModified\":\"2024-04-23T21:07:23+00:00\",\"breadcrumb\":{\"@id\":\"http:\\\/\\\/ccof.org\\\/news\\\/reminder-comment-now-on-ota-gro-organic-initiative\\\/#breadcrumb\"},\"inLanguage\":\"es-MX\",\"potentialAction\":[{\"@type\":\"ReadAction\",\"target\":[\"http:\\\/\\\/ccof.org\\\/news\\\/reminder-comment-now-on-ota-gro-organic-initiative\\\/\"]}]},{\"@type\":\"BreadcrumbList\",\"@id\":\"http:\\\/\\\/ccof.org\\\/news\\\/reminder-comment-now-on-ota-gro-organic-initiative\\\/#breadcrumb\",\"itemListElement\":[{\"@type\":\"ListItem\",\"position\":1,\"name\":\"Home\",\"item\":\"https:\\\/\\\/www.ccof.org\\\/\"},{\"@type\":\"ListItem\",\"position\":2,\"name\":\"Reminder: Comment Now on OTA GRO Organic Initiative\"}]},{\"@type\":\"WebSite\",\"@id\":\"https:\\\/\\\/www.ccof.org\\\/#website\",\"url\":\"https:\\\/\\\/www.ccof.org\\\/\",\"name\":\"CCOF.org\",\"description\":\"Help make organic the norm!\",\"publisher\":{\"@id\":\"https:\\\/\\\/www.ccof.org\\\/#organization\"},\"potentialAction\":[{\"@type\":\"SearchAction\",\"target\":{\"@type\":\"EntryPoint\",\"urlTemplate\":\"https:\\\/\\\/www.ccof.org\\\/?s={search_term_string}\"},\"query-input\":{\"@type\":\"PropertyValueSpecification\",\"valueRequired\":true,\"valueName\":\"search_term_string\"}}],\"inLanguage\":\"es-MX\"},{\"@type\":\"Organization\",\"@id\":\"https:\\\/\\\/www.ccof.org\\\/#organization\",\"name\":\"CCOF.org\",\"url\":\"https:\\\/\\\/www.ccof.org\\\/\",\"logo\":{\"@type\":\"ImageObject\",\"inLanguage\":\"es-MX\",\"@id\":\"https:\\\/\\\/www.ccof.org\\\/#\\\/schema\\\/logo\\\/image\\\/\",\"url\":\"https:\\\/\\\/www.ccof.org\\\/wp-content\\\/uploads\\\/2024\\\/02\\\/ccof-logo.svg\",\"contentUrl\":\"https:\\\/\\\/www.ccof.org\\\/wp-content\\\/uploads\\\/2024\\\/02\\\/ccof-logo.svg\",\"width\":85,\"height\":111,\"caption\":\"CCOF.org\"},\"image\":{\"@id\":\"https:\\\/\\\/www.ccof.org\\\/#\\\/schema\\\/logo\\\/image\\\/\"},\"sameAs\":[\"https:\\\/\\\/www.facebook.com\\\/CCOForganic\",\"https:\\\/\\\/www.youtube.com\\\/c\\\/CCOForganic\",\"https:\\\/\\\/www.instagram.com\\\/ccoforganic\\\/\"]},{\"@type\":\"Person\",\"@id\":\"https:\\\/\\\/www.ccof.org\\\/#\\\/schema\\\/person\\\/5ccd134e7ab95678db6afcb521a44e07\",\"name\":\"admin\",\"image\":{\"@type\":\"ImageObject\",\"inLanguage\":\"es-MX\",\"@id\":\"https:\\\/\\\/secure.gravatar.com\\\/avatar\\\/01a869e9508babcb1c66b6b41356b4ef63d5326e5b27c38b27ed4a46b8e36b9f?s=96&d=mm&r=g\",\"url\":\"https:\\\/\\\/secure.gravatar.com\\\/avatar\\\/01a869e9508babcb1c66b6b41356b4ef63d5326e5b27c38b27ed4a46b8e36b9f?s=96&d=mm&r=g\",\"contentUrl\":\"https:\\\/\\\/secure.gravatar.com\\\/avatar\\\/01a869e9508babcb1c66b6b41356b4ef63d5326e5b27c38b27ed4a46b8e36b9f?s=96&d=mm&r=g\",\"caption\":\"admin\"},\"sameAs\":[\"http:\\\/\\\/www.ccof.org\\\/wp\"]}]}<\/script>\n<!-- \/ Yoast SEO plugin. -->","yoast_head_json":{"title":"Recordatorio: Comente ahora la iniciativa ecol\u00f3gica GRO de la OTA - CCOF.org","robots":{"index":"index","follow":"follow","max-snippet":"max-snippet:-1","max-image-preview":"max-image-preview:large","max-video-preview":"max-video-preview:-1"},"canonical":"http:\/\/ccof.org\/news\/reminder-comment-now-on-ota-gro-organic-initiative\/","og_locale":"es_MX","og_type":"article","og_title":"Reminder: Comment Now on OTA GRO Organic Initiative - CCOF.org","og_description":"The Organic Trade Association (OTA) is now accepting comments on the\u00a0GRO Organic initiative. &hellip;","og_url":"http:\/\/ccof.org\/news\/reminder-comment-now-on-ota-gro-organic-initiative\/","og_site_name":"CCOF.org","article_publisher":"https:\/\/www.facebook.com\/CCOForganic","article_published_time":"2019-04-22T17:39:28+00:00","article_modified_time":"2024-04-23T21:07:23+00:00","author":"admin","twitter_card":"summary_large_image","twitter_misc":{"Written by":"admin","Est. reading time":"4 minutes"},"schema":{"@context":"https:\/\/schema.org","@graph":[{"@type":"Article","@id":"http:\/\/ccof.org\/news\/reminder-comment-now-on-ota-gro-organic-initiative\/#article","isPartOf":{"@id":"http:\/\/ccof.org\/news\/reminder-comment-now-on-ota-gro-organic-initiative\/"},"author":{"name":"admin","@id":"https:\/\/www.ccof.org\/#\/schema\/person\/5ccd134e7ab95678db6afcb521a44e07"},"headline":"Reminder: Comment Now on OTA GRO Organic Initiative","datePublished":"2019-04-22T17:39:28+00:00","dateModified":"2024-04-23T21:07:23+00:00","mainEntityOfPage":{"@id":"http:\/\/ccof.org\/news\/reminder-comment-now-on-ota-gro-organic-initiative\/"},"wordCount":755,"commentCount":0,"publisher":{"@id":"https:\/\/www.ccof.org\/#organization"},"articleSection":["Advocacy News"],"inLanguage":"es-MX","potentialAction":[{"@type":"CommentAction","name":"Comment","target":["http:\/\/ccof.org\/news\/reminder-comment-now-on-ota-gro-organic-initiative\/#respond"]}]},{"@type":"WebPage","@id":"http:\/\/ccof.org\/news\/reminder-comment-now-on-ota-gro-organic-initiative\/","url":"http:\/\/ccof.org\/news\/reminder-comment-now-on-ota-gro-organic-initiative\/","name":"Recordatorio: Comente ahora la iniciativa ecol\u00f3gica GRO de la OTA - CCOF.org","isPartOf":{"@id":"https:\/\/www.ccof.org\/#website"},"datePublished":"2019-04-22T17:39:28+00:00","dateModified":"2024-04-23T21:07:23+00:00","breadcrumb":{"@id":"http:\/\/ccof.org\/news\/reminder-comment-now-on-ota-gro-organic-initiative\/#breadcrumb"},"inLanguage":"es-MX","potentialAction":[{"@type":"ReadAction","target":["http:\/\/ccof.org\/news\/reminder-comment-now-on-ota-gro-organic-initiative\/"]}]},{"@type":"BreadcrumbList","@id":"http:\/\/ccof.org\/news\/reminder-comment-now-on-ota-gro-organic-initiative\/#breadcrumb","itemListElement":[{"@type":"ListItem","position":1,"name":"Home","item":"https:\/\/www.ccof.org\/"},{"@type":"ListItem","position":2,"name":"Reminder: Comment Now on OTA GRO Organic Initiative"}]},{"@type":"WebSite","@id":"https:\/\/www.ccof.org\/#website","url":"https:\/\/www.ccof.org\/","name":"CCOF.org","description":"\u00a1Ayude a que lo org\u00e1nico sea la norma!","publisher":{"@id":"https:\/\/www.ccof.org\/#organization"},"potentialAction":[{"@type":"SearchAction","target":{"@type":"EntryPoint","urlTemplate":"https:\/\/www.ccof.org\/?s={search_term_string}"},"query-input":{"@type":"PropertyValueSpecification","valueRequired":true,"valueName":"search_term_string"}}],"inLanguage":"es-MX"},{"@type":"Organization","@id":"https:\/\/www.ccof.org\/#organization","name":"CCOF.org","url":"https:\/\/www.ccof.org\/","logo":{"@type":"ImageObject","inLanguage":"es-MX","@id":"https:\/\/www.ccof.org\/#\/schema\/logo\/image\/","url":"https:\/\/www.ccof.org\/wp-content\/uploads\/2024\/02\/ccof-logo.svg","contentUrl":"https:\/\/www.ccof.org\/wp-content\/uploads\/2024\/02\/ccof-logo.svg","width":85,"height":111,"caption":"CCOF.org"},"image":{"@id":"https:\/\/www.ccof.org\/#\/schema\/logo\/image\/"},"sameAs":["https:\/\/www.facebook.com\/CCOForganic","https:\/\/www.youtube.com\/c\/CCOForganic","https:\/\/www.instagram.com\/ccoforganic\/"]},{"@type":"Person","@id":"https:\/\/www.ccof.org\/#\/schema\/person\/5ccd134e7ab95678db6afcb521a44e07","name":"admin","image":{"@type":"ImageObject","inLanguage":"es-MX","@id":"https:\/\/secure.gravatar.com\/avatar\/01a869e9508babcb1c66b6b41356b4ef63d5326e5b27c38b27ed4a46b8e36b9f?s=96&d=mm&r=g","url":"https:\/\/secure.gravatar.com\/avatar\/01a869e9508babcb1c66b6b41356b4ef63d5326e5b27c38b27ed4a46b8e36b9f?s=96&d=mm&r=g","contentUrl":"https:\/\/secure.gravatar.com\/avatar\/01a869e9508babcb1c66b6b41356b4ef63d5326e5b27c38b27ed4a46b8e36b9f?s=96&d=mm&r=g","caption":"admin"},"sameAs":["http:\/\/www.ccof.org\/wp"]}]}},"_links":{"self":[{"href":"http:\/\/www.ccof.org\/es\/wp-json\/wp\/v2\/posts\/33444","targetHints":{"allow":["GET"]}}],"collection":[{"href":"http:\/\/www.ccof.org\/es\/wp-json\/wp\/v2\/posts"}],"about":[{"href":"http:\/\/www.ccof.org\/es\/wp-json\/wp\/v2\/types\/post"}],"author":[{"embeddable":true,"href":"http:\/\/www.ccof.org\/es\/wp-json\/wp\/v2\/users\/1"}],"replies":[{"embeddable":true,"href":"http:\/\/www.ccof.org\/es\/wp-json\/wp\/v2\/comments?post=33444"}],"version-history":[{"count":2,"href":"http:\/\/www.ccof.org\/es\/wp-json\/wp\/v2\/posts\/33444\/revisions"}],"predecessor-version":[{"id":36114,"href":"http:\/\/www.ccof.org\/es\/wp-json\/wp\/v2\/posts\/33444\/revisions\/36114"}],"wp:attachment":[{"href":"http:\/\/www.ccof.org\/es\/wp-json\/wp\/v2\/media?parent=33444"}],"wp:term":[{"taxonomy":"category","embeddable":true,"href":"http:\/\/www.ccof.org\/es\/wp-json\/wp\/v2\/categories?post=33444"}],"curies":[{"name":"wp","href":"https:\/\/api.w.org\/{rel}","templated":true}]}}