{"id":33518,"date":"2019-01-07T19:11:14","date_gmt":"2019-01-07T19:11:14","guid":{"rendered":"https:\/\/www.ccof.org\/central-coast-water-board-needs-to-hear-from-you-by-january-22\/"},"modified":"2024-04-23T21:07:36","modified_gmt":"2024-04-23T21:07:36","slug":"central-coast-water-board-needs-to-hear-from-you-by-january-22","status":"publish","type":"post","link":"http:\/\/www.ccof.org\/es\/news\/central-coast-water-board-needs-to-hear-from-you-by-january-22\/","title":{"rendered":"La Junta del Agua de la Costa Central necesita su opini\u00f3n antes del 22 de enero"},"content":{"rendered":"<p>La Junta Regional de Control de Calidad del Agua de la Costa Central est\u00e1 actualizando la orden agr\u00edcola que regula los vertidos de las tierras agr\u00edcolas de regad\u00edo. Se ha abierto un periodo de comentarios que deben enviarse antes de las 8 de la ma\u00f1ana del 22 de enero de 2019.\u00a0\u00a0<\/p>\n<p>Para enviar comentarios a\u00a0<a       href=\"mailto:AgNOI@waterboards.ca.gov\">AgNOI@waterboards.ca.gov<\/a>\u00a0e indique en el asunto \"Comments to Ag Order 4.0 Options Tables\".\u00a0<a       href=\"https:\/\/www.waterboards.ca.gov\/centralcoast\/water_issues\/programs\/ag_waivers\/docs\/notice_public_comment_options_tables_updated_18dec2018_fin.pdf\">Lea el anuncio del periodo de comentarios p\u00fablicos<\/a>.<\/p>\n<p>La junta regional del agua aceptar\u00e1 comentarios sobre cualquier tema relacionado con la nueva versi\u00f3n de la orden ag. En concreto, la junta solicita comentarios sobre una \"tabla de opciones\" en la que se exponen las opciones existentes y propuestas en materia de escalonamiento\/priorizaci\u00f3n, l\u00edmites num\u00e9ricos, calendario para alcanzar los l\u00edmites num\u00e9ricos, requisitos de control e informaci\u00f3n e incentivos para cinco objetivos distintos.<\/p>\n<p>Ahora es el momento de ayudar a dar forma al debate, poniendo lo org\u00e1nico en el radar de los miembros de la junta regional del agua. Esperamos que a medida que avance el proceso se ofrezcan otras oportunidades para que los agricultores hagan sus aportaciones.<\/p>\n<p>Dado que las granjas org\u00e1nicas certificadas construyen suelos ricos en materia org\u00e1nica que retienen el exceso de nutrientes y deben utilizar fuentes biol\u00f3gicas de nutrientes para los cultivos que se liberan lentamente en los suelos, el CCOF aboga por que las granjas org\u00e1nicas se incluyan en un nivel inferior de regulaci\u00f3n. El reto consiste en desarrollar un razonamiento que sea aceptable para la junta regional del agua y un lenguaje en la orden agraria que regule las granjas org\u00e1nicas s\u00f3lo en la medida en que sean fuentes de vertidos de nitratos, nutrientes o sedimentos.<\/p>\n<p>CCOF enviar\u00e1 un comentario a la junta del agua y anima a los agricultores org\u00e1nicos certificados de la regi\u00f3n a enviar comentarios tambi\u00e9n. Los puntos b\u00e1sicos a considerar en su comentario son:<\/p>\n<ul><\/p>\n<li>Como productores org\u00e1nicos certificados, estamos regulados por la ley federal y debemos documentar todas nuestras aplicaciones de insumos, incluyendo el tipo de insumo, la fecha de aplicaci\u00f3n, el lugar y la dosis.<\/li>\n<figure class=\"content-image\"><\/figure>\n<li>Utilizamos fertilizantes que se descomponen lentamente en el suelo y no empleamos pesticidas sint\u00e9ticos.<\/li>\n<figure class=\"content-image\"><\/figure>\n<li>Cultivamos una cubierta vegetal de invierno para absorber el exceso de nitr\u00f3geno.\u00a0<em>(o indique otras pr\u00e1cticas de gesti\u00f3n que utilice para minimizar la lixiviaci\u00f3n de nitratos y la p\u00e9rdida de sedimentos)<\/em>.<\/li>\n<figure class=\"content-image\"><\/figure>\n<li>Nos inspeccionan anualmente para verificar que cumplimos las rigurosas normas org\u00e1nicas federales.<\/li>\n<figure class=\"content-image\"><\/figure>\n<li>La certificaci\u00f3n org\u00e1nica es una caracter\u00edstica de los ranchos que deber\u00eda situar a una explotaci\u00f3n en un nivel inferior de regulaci\u00f3n porque supone una menor amenaza de contaminaci\u00f3n de las aguas subterr\u00e1neas y superficiales.<\/li>\n<figure class=\"content-image\"><\/figure>\n<li>Animamos a la junta regional del agua a que re\u00fana un grupo consultivo agr\u00edcola mientras desarrolla la Orden Ag 4.0 que incluya a cultivadores org\u00e1nicos y convencionales, a Extensi\u00f3n Cooperativa y otros especialistas, y a representantes de grupos ecologistas.<\/li>\n<p><\/ul>\n<p>Para saber en qu\u00e9 regi\u00f3n de control de la calidad del agua se encuentra, consulte el\u00a0<a       href=\"https:\/\/www.waterboards.ca.gov\/waterboards_map.html\">Mapa de las Juntas Regionales del Agua<\/a>.<\/p>\n<p>Para m\u00e1s informaci\u00f3n, p\u00f3ngase en contacto con\u00a0<a       href=\"mailto:jsooby@ccof.org\">Jane Sooby<\/a>Especialista Senior en Pol\u00edtica y Divulgaci\u00f3n del CCOF, en\u00a0<a       href=\"mailto:jsooby@ccof.org\">jsooby@ccof.org<\/a>\u00a0o (831) 346-6239.<\/p>\n<figure class=\"content-image\"><\/figure>","protected":false},"excerpt":{"rendered":"<p>La Junta Regional para el Control de la Calidad del Agua de la Costa Central est\u00e1 actualizando ...<\/p>","protected":false},"author":1,"featured_media":0,"comment_status":"open","ping_status":"open","sticky":false,"template":"","format":"standard","meta":{"_acf_changed":false,"_relevanssi_hide_post":"","_relevanssi_hide_content":"","_relevanssi_pin_for_all":"","_relevanssi_pin_keywords":"","_relevanssi_unpin_keywords":"","_relevanssi_related_keywords":"","_relevanssi_related_include_ids":"","_relevanssi_related_exclude_ids":"","_relevanssi_related_no_append":"","_relevanssi_related_not_related":"","_relevanssi_related_posts":"","_relevanssi_noindex_reason":"","footnotes":""},"categories":[110],"class_list":["post-33518","post","type-post","status-publish","format-standard","hentry","category-advocacy-news","language-english"],"acf":[],"yoast_head":"<!-- This site is optimized with the Yoast SEO plugin v27.3 - https:\/\/yoast.com\/product\/yoast-seo-wordpress\/ -->\n<title>Central Coast Water Board Needs to Hear From You by January 22 - CCOF.org<\/title>\n<meta name=\"robots\" content=\"index, follow, max-snippet:-1, max-image-preview:large, max-video-preview:-1\" \/>\n<link rel=\"canonical\" href=\"http:\/\/www.ccof.org\/es\/news\/central-coast-water-board-needs-to-hear-from-you-by-january-22\/\" \/>\n<meta property=\"og:locale\" content=\"es_MX\" \/>\n<meta property=\"og:type\" content=\"article\" \/>\n<meta property=\"og:title\" content=\"Central Coast Water Board Needs to Hear From You by January 22 - CCOF.org\" \/>\n<meta property=\"og:description\" content=\"The Central Coast Regional Water Quality Control Board is updating the agricultural order &hellip;\" \/>\n<meta property=\"og:url\" content=\"http:\/\/www.ccof.org\/es\/news\/central-coast-water-board-needs-to-hear-from-you-by-january-22\/\" \/>\n<meta property=\"og:site_name\" content=\"CCOF.org\" \/>\n<meta property=\"article:publisher\" content=\"https:\/\/www.facebook.com\/CCOForganic\" \/>\n<meta property=\"article:published_time\" content=\"2019-01-07T19:11:14+00:00\" \/>\n<meta property=\"article:modified_time\" content=\"2024-04-23T21:07:36+00:00\" \/>\n<meta name=\"author\" content=\"admin\" \/>\n<meta name=\"twitter:card\" content=\"summary_large_image\" \/>\n<meta name=\"twitter:label1\" content=\"Written by\" \/>\n\t<meta name=\"twitter:data1\" content=\"admin\" \/>\n\t<meta name=\"twitter:label2\" content=\"Est. reading time\" \/>\n\t<meta name=\"twitter:data2\" content=\"2 minutes\" \/>\n<script type=\"application\/ld+json\" class=\"yoast-schema-graph\">{\"@context\":\"https:\\\/\\\/schema.org\",\"@graph\":[{\"@type\":\"Article\",\"@id\":\"http:\\\/\\\/www.ccof.org\\\/es\\\/news\\\/central-coast-water-board-needs-to-hear-from-you-by-january-22\\\/#article\",\"isPartOf\":{\"@id\":\"http:\\\/\\\/www.ccof.org\\\/es\\\/news\\\/central-coast-water-board-needs-to-hear-from-you-by-january-22\\\/\"},\"author\":{\"name\":\"admin\",\"@id\":\"https:\\\/\\\/www.ccof.org\\\/#\\\/schema\\\/person\\\/5ccd134e7ab95678db6afcb521a44e07\"},\"headline\":\"Central Coast Water Board Needs to Hear From You by January 22\",\"datePublished\":\"2019-01-07T19:11:14+00:00\",\"dateModified\":\"2024-04-23T21:07:36+00:00\",\"mainEntityOfPage\":{\"@id\":\"http:\\\/\\\/www.ccof.org\\\/es\\\/news\\\/central-coast-water-board-needs-to-hear-from-you-by-january-22\\\/\"},\"wordCount\":446,\"commentCount\":0,\"publisher\":{\"@id\":\"https:\\\/\\\/www.ccof.org\\\/#organization\"},\"articleSection\":[\"Advocacy News\"],\"inLanguage\":\"es-MX\",\"potentialAction\":[{\"@type\":\"CommentAction\",\"name\":\"Comment\",\"target\":[\"http:\\\/\\\/www.ccof.org\\\/es\\\/news\\\/central-coast-water-board-needs-to-hear-from-you-by-january-22\\\/#respond\"]}]},{\"@type\":\"WebPage\",\"@id\":\"http:\\\/\\\/www.ccof.org\\\/es\\\/news\\\/central-coast-water-board-needs-to-hear-from-you-by-january-22\\\/\",\"url\":\"http:\\\/\\\/www.ccof.org\\\/es\\\/news\\\/central-coast-water-board-needs-to-hear-from-you-by-january-22\\\/\",\"name\":\"Central Coast Water Board Needs to Hear From You by January 22 - CCOF.org\",\"isPartOf\":{\"@id\":\"https:\\\/\\\/www.ccof.org\\\/#website\"},\"datePublished\":\"2019-01-07T19:11:14+00:00\",\"dateModified\":\"2024-04-23T21:07:36+00:00\",\"breadcrumb\":{\"@id\":\"http:\\\/\\\/www.ccof.org\\\/es\\\/news\\\/central-coast-water-board-needs-to-hear-from-you-by-january-22\\\/#breadcrumb\"},\"inLanguage\":\"es-MX\",\"potentialAction\":[{\"@type\":\"ReadAction\",\"target\":[\"http:\\\/\\\/www.ccof.org\\\/es\\\/news\\\/central-coast-water-board-needs-to-hear-from-you-by-january-22\\\/\"]}]},{\"@type\":\"BreadcrumbList\",\"@id\":\"http:\\\/\\\/www.ccof.org\\\/es\\\/news\\\/central-coast-water-board-needs-to-hear-from-you-by-january-22\\\/#breadcrumb\",\"itemListElement\":[{\"@type\":\"ListItem\",\"position\":1,\"name\":\"Home\",\"item\":\"https:\\\/\\\/www.ccof.org\\\/\"},{\"@type\":\"ListItem\",\"position\":2,\"name\":\"Central Coast Water Board Needs to Hear From You by January 22\"}]},{\"@type\":\"WebSite\",\"@id\":\"https:\\\/\\\/www.ccof.org\\\/#website\",\"url\":\"https:\\\/\\\/www.ccof.org\\\/\",\"name\":\"CCOF.org\",\"description\":\"Help make organic the norm!\",\"publisher\":{\"@id\":\"https:\\\/\\\/www.ccof.org\\\/#organization\"},\"potentialAction\":[{\"@type\":\"SearchAction\",\"target\":{\"@type\":\"EntryPoint\",\"urlTemplate\":\"https:\\\/\\\/www.ccof.org\\\/?s={search_term_string}\"},\"query-input\":{\"@type\":\"PropertyValueSpecification\",\"valueRequired\":true,\"valueName\":\"search_term_string\"}}],\"inLanguage\":\"es-MX\"},{\"@type\":\"Organization\",\"@id\":\"https:\\\/\\\/www.ccof.org\\\/#organization\",\"name\":\"CCOF.org\",\"url\":\"https:\\\/\\\/www.ccof.org\\\/\",\"logo\":{\"@type\":\"ImageObject\",\"inLanguage\":\"es-MX\",\"@id\":\"https:\\\/\\\/www.ccof.org\\\/#\\\/schema\\\/logo\\\/image\\\/\",\"url\":\"https:\\\/\\\/www.ccof.org\\\/wp-content\\\/uploads\\\/2024\\\/02\\\/ccof-logo.svg\",\"contentUrl\":\"https:\\\/\\\/www.ccof.org\\\/wp-content\\\/uploads\\\/2024\\\/02\\\/ccof-logo.svg\",\"width\":85,\"height\":111,\"caption\":\"CCOF.org\"},\"image\":{\"@id\":\"https:\\\/\\\/www.ccof.org\\\/#\\\/schema\\\/logo\\\/image\\\/\"},\"sameAs\":[\"https:\\\/\\\/www.facebook.com\\\/CCOForganic\",\"https:\\\/\\\/www.youtube.com\\\/c\\\/CCOForganic\",\"https:\\\/\\\/www.instagram.com\\\/ccoforganic\\\/\"]},{\"@type\":\"Person\",\"@id\":\"https:\\\/\\\/www.ccof.org\\\/#\\\/schema\\\/person\\\/5ccd134e7ab95678db6afcb521a44e07\",\"name\":\"admin\",\"image\":{\"@type\":\"ImageObject\",\"inLanguage\":\"es-MX\",\"@id\":\"https:\\\/\\\/secure.gravatar.com\\\/avatar\\\/01a869e9508babcb1c66b6b41356b4ef63d5326e5b27c38b27ed4a46b8e36b9f?s=96&d=mm&r=g\",\"url\":\"https:\\\/\\\/secure.gravatar.com\\\/avatar\\\/01a869e9508babcb1c66b6b41356b4ef63d5326e5b27c38b27ed4a46b8e36b9f?s=96&d=mm&r=g\",\"contentUrl\":\"https:\\\/\\\/secure.gravatar.com\\\/avatar\\\/01a869e9508babcb1c66b6b41356b4ef63d5326e5b27c38b27ed4a46b8e36b9f?s=96&d=mm&r=g\",\"caption\":\"admin\"},\"sameAs\":[\"http:\\\/\\\/www.ccof.org\\\/wp\"]}]}<\/script>\n<!-- \/ Yoast SEO plugin. -->","yoast_head_json":{"title":"La Junta del Agua de la Costa Central necesita su opini\u00f3n antes del 22 de enero - CCOF.org","robots":{"index":"index","follow":"follow","max-snippet":"max-snippet:-1","max-image-preview":"max-image-preview:large","max-video-preview":"max-video-preview:-1"},"canonical":"http:\/\/www.ccof.org\/es\/news\/central-coast-water-board-needs-to-hear-from-you-by-january-22\/","og_locale":"es_MX","og_type":"article","og_title":"Central Coast Water Board Needs to Hear From You by January 22 - CCOF.org","og_description":"The Central Coast Regional Water Quality Control Board is updating the agricultural order &hellip;","og_url":"http:\/\/www.ccof.org\/es\/news\/central-coast-water-board-needs-to-hear-from-you-by-january-22\/","og_site_name":"CCOF.org","article_publisher":"https:\/\/www.facebook.com\/CCOForganic","article_published_time":"2019-01-07T19:11:14+00:00","article_modified_time":"2024-04-23T21:07:36+00:00","author":"admin","twitter_card":"summary_large_image","twitter_misc":{"Written by":"admin","Est. reading time":"2 minutes"},"schema":{"@context":"https:\/\/schema.org","@graph":[{"@type":"Article","@id":"http:\/\/www.ccof.org\/es\/news\/central-coast-water-board-needs-to-hear-from-you-by-january-22\/#article","isPartOf":{"@id":"http:\/\/www.ccof.org\/es\/news\/central-coast-water-board-needs-to-hear-from-you-by-january-22\/"},"author":{"name":"admin","@id":"https:\/\/www.ccof.org\/#\/schema\/person\/5ccd134e7ab95678db6afcb521a44e07"},"headline":"Central Coast Water Board Needs to Hear From You by January 22","datePublished":"2019-01-07T19:11:14+00:00","dateModified":"2024-04-23T21:07:36+00:00","mainEntityOfPage":{"@id":"http:\/\/www.ccof.org\/es\/news\/central-coast-water-board-needs-to-hear-from-you-by-january-22\/"},"wordCount":446,"commentCount":0,"publisher":{"@id":"https:\/\/www.ccof.org\/#organization"},"articleSection":["Advocacy News"],"inLanguage":"es-MX","potentialAction":[{"@type":"CommentAction","name":"Comment","target":["http:\/\/www.ccof.org\/es\/news\/central-coast-water-board-needs-to-hear-from-you-by-january-22\/#respond"]}]},{"@type":"WebPage","@id":"http:\/\/www.ccof.org\/es\/news\/central-coast-water-board-needs-to-hear-from-you-by-january-22\/","url":"http:\/\/www.ccof.org\/es\/news\/central-coast-water-board-needs-to-hear-from-you-by-january-22\/","name":"La Junta del Agua de la Costa Central necesita su opini\u00f3n antes del 22 de enero - CCOF.org","isPartOf":{"@id":"https:\/\/www.ccof.org\/#website"},"datePublished":"2019-01-07T19:11:14+00:00","dateModified":"2024-04-23T21:07:36+00:00","breadcrumb":{"@id":"http:\/\/www.ccof.org\/es\/news\/central-coast-water-board-needs-to-hear-from-you-by-january-22\/#breadcrumb"},"inLanguage":"es-MX","potentialAction":[{"@type":"ReadAction","target":["http:\/\/www.ccof.org\/es\/news\/central-coast-water-board-needs-to-hear-from-you-by-january-22\/"]}]},{"@type":"BreadcrumbList","@id":"http:\/\/www.ccof.org\/es\/news\/central-coast-water-board-needs-to-hear-from-you-by-january-22\/#breadcrumb","itemListElement":[{"@type":"ListItem","position":1,"name":"Home","item":"https:\/\/www.ccof.org\/"},{"@type":"ListItem","position":2,"name":"Central Coast Water Board Needs to Hear From You by January 22"}]},{"@type":"WebSite","@id":"https:\/\/www.ccof.org\/#website","url":"https:\/\/www.ccof.org\/","name":"CCOF.org","description":"\u00a1Ayude a que lo org\u00e1nico sea la norma!","publisher":{"@id":"https:\/\/www.ccof.org\/#organization"},"potentialAction":[{"@type":"SearchAction","target":{"@type":"EntryPoint","urlTemplate":"https:\/\/www.ccof.org\/?s={search_term_string}"},"query-input":{"@type":"PropertyValueSpecification","valueRequired":true,"valueName":"search_term_string"}}],"inLanguage":"es-MX"},{"@type":"Organization","@id":"https:\/\/www.ccof.org\/#organization","name":"CCOF.org","url":"https:\/\/www.ccof.org\/","logo":{"@type":"ImageObject","inLanguage":"es-MX","@id":"https:\/\/www.ccof.org\/#\/schema\/logo\/image\/","url":"https:\/\/www.ccof.org\/wp-content\/uploads\/2024\/02\/ccof-logo.svg","contentUrl":"https:\/\/www.ccof.org\/wp-content\/uploads\/2024\/02\/ccof-logo.svg","width":85,"height":111,"caption":"CCOF.org"},"image":{"@id":"https:\/\/www.ccof.org\/#\/schema\/logo\/image\/"},"sameAs":["https:\/\/www.facebook.com\/CCOForganic","https:\/\/www.youtube.com\/c\/CCOForganic","https:\/\/www.instagram.com\/ccoforganic\/"]},{"@type":"Person","@id":"https:\/\/www.ccof.org\/#\/schema\/person\/5ccd134e7ab95678db6afcb521a44e07","name":"admin","image":{"@type":"ImageObject","inLanguage":"es-MX","@id":"https:\/\/secure.gravatar.com\/avatar\/01a869e9508babcb1c66b6b41356b4ef63d5326e5b27c38b27ed4a46b8e36b9f?s=96&d=mm&r=g","url":"https:\/\/secure.gravatar.com\/avatar\/01a869e9508babcb1c66b6b41356b4ef63d5326e5b27c38b27ed4a46b8e36b9f?s=96&d=mm&r=g","contentUrl":"https:\/\/secure.gravatar.com\/avatar\/01a869e9508babcb1c66b6b41356b4ef63d5326e5b27c38b27ed4a46b8e36b9f?s=96&d=mm&r=g","caption":"admin"},"sameAs":["http:\/\/www.ccof.org\/wp"]}]}},"_links":{"self":[{"href":"http:\/\/www.ccof.org\/es\/wp-json\/wp\/v2\/posts\/33518","targetHints":{"allow":["GET"]}}],"collection":[{"href":"http:\/\/www.ccof.org\/es\/wp-json\/wp\/v2\/posts"}],"about":[{"href":"http:\/\/www.ccof.org\/es\/wp-json\/wp\/v2\/types\/post"}],"author":[{"embeddable":true,"href":"http:\/\/www.ccof.org\/es\/wp-json\/wp\/v2\/users\/1"}],"replies":[{"embeddable":true,"href":"http:\/\/www.ccof.org\/es\/wp-json\/wp\/v2\/comments?post=33518"}],"version-history":[{"count":3,"href":"http:\/\/www.ccof.org\/es\/wp-json\/wp\/v2\/posts\/33518\/revisions"}],"predecessor-version":[{"id":40670,"href":"http:\/\/www.ccof.org\/es\/wp-json\/wp\/v2\/posts\/33518\/revisions\/40670"}],"wp:attachment":[{"href":"http:\/\/www.ccof.org\/es\/wp-json\/wp\/v2\/media?parent=33518"}],"wp:term":[{"taxonomy":"category","embeddable":true,"href":"http:\/\/www.ccof.org\/es\/wp-json\/wp\/v2\/categories?post=33518"}],"curies":[{"name":"wp","href":"https:\/\/api.w.org\/{rel}","templated":true}]}}