{"id":33784,"date":"2022-05-16T17:37:01","date_gmt":"2022-05-16T17:37:01","guid":{"rendered":"https:\/\/www.ccof.org\/meet-magdalena-vigil-garcia-future-organic-farmer-recipient\/"},"modified":"2024-04-23T21:08:42","modified_gmt":"2024-04-23T21:08:42","slug":"meet-magdalena-vigil-garcia-future-organic-farmer-recipient","status":"publish","type":"post","link":"http:\/\/www.ccof.org\/es\/news\/meet-magdalena-vigil-garcia-future-organic-farmer-recipient\/","title":{"rendered":"Conozca a Magdalena Vigil Garc\u00eda, futura agricultora org\u00e1nica"},"content":{"rendered":"<figure class=\"content-image\"><img loading=\"lazy\" decoding=\"async\" alt=\"\" data-entity-type=\"file\"       data-entity-uuid=\"0f1472e0-1de4-4eb0-b102-9515326746cd\" height=\"1067\"       src=\"http:\/\/live-ccof001.pantheonsite.io\/wp-content\/uploads\/2024\/04\/BLOG_MagdalenaGarcia_05.16.22_photo.png\"       width=\"600\" \/><\/figure>\n<p>\"Estoy orgullosa de ser hija de un trabajador del campo .... Soy una de nueve hermanos; mi padre era bracero\". La agricultura siempre ha formado parte de la vida de Magdalena Vigil Garc\u00eda: es su pasado, su presente y su futuro.       La historia y la herencia familiar de Vigil la introdujeron inicialmente en la agricultura, y como graduada de la Asociaci\u00f3n para la Agricultura y la Formaci\u00f3n en Tierra de <a       href=\"https:\/\/albafarmers.org\/our-work\/#pepa\">Curso de formaci\u00f3n de agricultores<\/a> y actual estudiante del Intercambio Multinacional para la Agricultura Sostenible (<a       href=\"https:\/\/mesaprogram.org\/\">MESA<\/a>) dentro del programa <a       href=\"https:\/\/mesaprogram.org\/agroecology-training\/affp\/\">Programa de Formaci\u00f3n en Agroecolog\u00eda Aplicada<\/a>Vigil sigue reforzando su formaci\u00f3n para labrarse un futuro s\u00f3lido como agricultora en la comunidad de la agricultura org\u00e1nica.<\/p>\n<p>Vigil aspira a convertirse en una peque\u00f1a agricultora org\u00e1nica independiente a tiempo completo en la Costa Central de California, centr\u00e1ndose en pr\u00e1cticas agr\u00edcolas org\u00e1nicas regenerativas y sostenibles para cultivar y vender alimentos org\u00e1nicos sanos y accesibles a todo el mundo.       \"Cuando sabes m\u00e1s, haces mejor\", afirma. Este es el sentimiento y la filosof\u00eda que impulsan la pasi\u00f3n de Vigil por la educaci\u00f3n org\u00e1nica. Combinar el aprendizaje en el aula con la experiencia pr\u00e1ctica sobre el terreno le permite aprender y crecer con m\u00e1s \u00e9xito cada a\u00f1o. Comprender los requisitos de la certificaci\u00f3n org\u00e1nica es crucial para el florecimiento de un negocio org\u00e1nico, pero su af\u00e1n de superaci\u00f3n y su determinaci\u00f3n para adaptarse cada a\u00f1o a los rigores y la din\u00e1mica de la temporada ser\u00e1n los factores definitivos que determinar\u00e1n la longevidad del negocio agr\u00edcola org\u00e1nico de Vigil.<\/p>\n<p>Con el apoyo de la Fundaci\u00f3n CCOF <a data-entity-substitution=\"canonical\" data-entity-type=\"node\"       data-entity-uuid=\"3203be93-fc8c-4270-9a6c-675f6fa39bdb\" href=\"\/es\/node\/10256\/\">Futuros agricultores org\u00e1nicos<\/a> Vigil ha concluido con \u00e9xito el programa PEPA en la Asociaci\u00f3n para la Formaci\u00f3n Agraria y Territorial (ALBA) y prosigue su formaci\u00f3n en el       <a href=\"https:\/\/mesaprogram.org\/agroecology-training\/affp\/\">Programa MESA<\/a> en Berkeley, California. Vigil est\u00e1 en camino de su segundo a\u00f1o de agricultura exitosa en Mas Organic Farm como propietaria y agricultora principal, y espera encontrar y comprar su propia tierra en un futuro pr\u00f3ximo. \u00a1La Fundaci\u00f3n CCOF felicita y desea lo mejor a Magdalena Vigil Garc\u00eda con sus estudios y su agricultura en 2022!\u00a0<\/p>\n<p>Obtenga m\u00e1s informaci\u00f3n sobre el fondo de becas para Futuros Agricultores Org\u00e1nicos de la Fundaci\u00f3n CCOF en la p\u00e1gina web <a data-entity-substitution=\"canonical\"       data-entity-type=\"node\" data-entity-uuid=\"3203be93-fc8c-4270-9a6c-675f6fa39bdb\"       href=\"\/es\/node\/10256\/\">,<\/a>!<\/p>\n<figure class=\"content-image\"><\/figure>","protected":false},"excerpt":{"rendered":"<p>\"Estoy orgullosa de ser hija de un trabajador del campo .... Soy una ...<\/p>","protected":false},"author":1,"featured_media":34404,"comment_status":"open","ping_status":"open","sticky":false,"template":"","format":"standard","meta":{"_acf_changed":false,"_relevanssi_hide_post":"","_relevanssi_hide_content":"","_relevanssi_pin_for_all":"","_relevanssi_pin_keywords":"","_relevanssi_unpin_keywords":"","_relevanssi_related_keywords":"","_relevanssi_related_include_ids":"","_relevanssi_related_exclude_ids":"","_relevanssi_related_no_append":"","_relevanssi_related_not_related":"","_relevanssi_related_posts":"","_relevanssi_noindex_reason":"","footnotes":""},"categories":[111],"class_list":["post-33784","post","type-post","status-publish","format-standard","has-post-thumbnail","hentry","category-foundation-news","language-english","foundation_topics-funding","foundation_topics-grants","foundation_topics-partners"],"acf":[],"yoast_head":"<!-- This site is optimized with the Yoast SEO plugin v27.3 - https:\/\/yoast.com\/product\/yoast-seo-wordpress\/ -->\n<title>Meet Magdalena Vigil Garcia, Future Organic Farmer Recipient - CCOF.org<\/title>\n<meta name=\"robots\" content=\"index, follow, max-snippet:-1, max-image-preview:large, max-video-preview:-1\" \/>\n<link rel=\"canonical\" href=\"http:\/\/www.ccof.org\/es\/news\/meet-magdalena-vigil-garcia-future-organic-farmer-recipient\/\" \/>\n<meta property=\"og:locale\" content=\"es_MX\" \/>\n<meta property=\"og:type\" content=\"article\" \/>\n<meta property=\"og:title\" content=\"Meet Magdalena Vigil Garcia, Future Organic Farmer Recipient - CCOF.org\" \/>\n<meta property=\"og:description\" content=\"&#8220;I am proud to be a field worker\u2019s daughter \u2026. I am one &hellip;\" \/>\n<meta property=\"og:url\" content=\"http:\/\/www.ccof.org\/es\/news\/meet-magdalena-vigil-garcia-future-organic-farmer-recipient\/\" \/>\n<meta property=\"og:site_name\" content=\"CCOF.org\" \/>\n<meta property=\"article:publisher\" content=\"https:\/\/www.facebook.com\/CCOForganic\" \/>\n<meta property=\"article:published_time\" content=\"2022-05-16T17:37:01+00:00\" \/>\n<meta property=\"article:modified_time\" content=\"2024-04-23T21:08:42+00:00\" \/>\n<meta property=\"og:image\" content=\"http:\/\/www.ccof.org\/wp-content\/uploads\/2024\/04\/BLOG_MagdalenaGarcia_05.16.22_photo.png\" \/>\n\t<meta property=\"og:image:width\" content=\"600\" \/>\n\t<meta property=\"og:image:height\" content=\"1067\" \/>\n\t<meta property=\"og:image:type\" content=\"image\/png\" \/>\n<meta name=\"author\" content=\"admin\" \/>\n<meta name=\"twitter:card\" content=\"summary_large_image\" \/>\n<meta name=\"twitter:label1\" content=\"Written by\" \/>\n\t<meta name=\"twitter:data1\" content=\"admin\" \/>\n\t<meta name=\"twitter:label2\" content=\"Est. reading time\" \/>\n\t<meta name=\"twitter:data2\" content=\"2 minutes\" \/>\n<script type=\"application\/ld+json\" class=\"yoast-schema-graph\">{\"@context\":\"https:\\\/\\\/schema.org\",\"@graph\":[{\"@type\":\"Article\",\"@id\":\"http:\\\/\\\/www.ccof.org\\\/news\\\/meet-magdalena-vigil-garcia-future-organic-farmer-recipient\\\/#article\",\"isPartOf\":{\"@id\":\"http:\\\/\\\/www.ccof.org\\\/news\\\/meet-magdalena-vigil-garcia-future-organic-farmer-recipient\\\/\"},\"author\":{\"name\":\"admin\",\"@id\":\"https:\\\/\\\/www.ccof.org\\\/#\\\/schema\\\/person\\\/5ccd134e7ab95678db6afcb521a44e07\"},\"headline\":\"Meet Magdalena Vigil Garcia, Future Organic Farmer Recipient\",\"datePublished\":\"2022-05-16T17:37:01+00:00\",\"dateModified\":\"2024-04-23T21:08:42+00:00\",\"mainEntityOfPage\":{\"@id\":\"http:\\\/\\\/www.ccof.org\\\/news\\\/meet-magdalena-vigil-garcia-future-organic-farmer-recipient\\\/\"},\"wordCount\":351,\"commentCount\":0,\"publisher\":{\"@id\":\"https:\\\/\\\/www.ccof.org\\\/#organization\"},\"image\":{\"@id\":\"http:\\\/\\\/www.ccof.org\\\/news\\\/meet-magdalena-vigil-garcia-future-organic-farmer-recipient\\\/#primaryimage\"},\"thumbnailUrl\":\"http:\\\/\\\/www.ccof.org\\\/wp-content\\\/uploads\\\/2024\\\/04\\\/BLOG_MagdalenaGarcia_05.16.22_photo.png\",\"articleSection\":[\"Foundation News\"],\"inLanguage\":\"es-MX\",\"potentialAction\":[{\"@type\":\"CommentAction\",\"name\":\"Comment\",\"target\":[\"http:\\\/\\\/www.ccof.org\\\/news\\\/meet-magdalena-vigil-garcia-future-organic-farmer-recipient\\\/#respond\"]}]},{\"@type\":\"WebPage\",\"@id\":\"http:\\\/\\\/www.ccof.org\\\/news\\\/meet-magdalena-vigil-garcia-future-organic-farmer-recipient\\\/\",\"url\":\"http:\\\/\\\/www.ccof.org\\\/news\\\/meet-magdalena-vigil-garcia-future-organic-farmer-recipient\\\/\",\"name\":\"Meet Magdalena Vigil Garcia, Future Organic Farmer Recipient - CCOF.org\",\"isPartOf\":{\"@id\":\"https:\\\/\\\/www.ccof.org\\\/#website\"},\"primaryImageOfPage\":{\"@id\":\"http:\\\/\\\/www.ccof.org\\\/news\\\/meet-magdalena-vigil-garcia-future-organic-farmer-recipient\\\/#primaryimage\"},\"image\":{\"@id\":\"http:\\\/\\\/www.ccof.org\\\/news\\\/meet-magdalena-vigil-garcia-future-organic-farmer-recipient\\\/#primaryimage\"},\"thumbnailUrl\":\"http:\\\/\\\/www.ccof.org\\\/wp-content\\\/uploads\\\/2024\\\/04\\\/BLOG_MagdalenaGarcia_05.16.22_photo.png\",\"datePublished\":\"2022-05-16T17:37:01+00:00\",\"dateModified\":\"2024-04-23T21:08:42+00:00\",\"breadcrumb\":{\"@id\":\"http:\\\/\\\/www.ccof.org\\\/news\\\/meet-magdalena-vigil-garcia-future-organic-farmer-recipient\\\/#breadcrumb\"},\"inLanguage\":\"es-MX\",\"potentialAction\":[{\"@type\":\"ReadAction\",\"target\":[\"http:\\\/\\\/www.ccof.org\\\/news\\\/meet-magdalena-vigil-garcia-future-organic-farmer-recipient\\\/\"]}]},{\"@type\":\"ImageObject\",\"inLanguage\":\"es-MX\",\"@id\":\"http:\\\/\\\/www.ccof.org\\\/news\\\/meet-magdalena-vigil-garcia-future-organic-farmer-recipient\\\/#primaryimage\",\"url\":\"http:\\\/\\\/www.ccof.org\\\/wp-content\\\/uploads\\\/2024\\\/04\\\/BLOG_MagdalenaGarcia_05.16.22_photo.png\",\"contentUrl\":\"http:\\\/\\\/www.ccof.org\\\/wp-content\\\/uploads\\\/2024\\\/04\\\/BLOG_MagdalenaGarcia_05.16.22_photo.png\",\"width\":600,\"height\":1067},{\"@type\":\"BreadcrumbList\",\"@id\":\"http:\\\/\\\/www.ccof.org\\\/news\\\/meet-magdalena-vigil-garcia-future-organic-farmer-recipient\\\/#breadcrumb\",\"itemListElement\":[{\"@type\":\"ListItem\",\"position\":1,\"name\":\"Home\",\"item\":\"https:\\\/\\\/www.ccof.org\\\/\"},{\"@type\":\"ListItem\",\"position\":2,\"name\":\"Meet Magdalena Vigil Garcia, Future Organic Farmer Recipient\"}]},{\"@type\":\"WebSite\",\"@id\":\"https:\\\/\\\/www.ccof.org\\\/#website\",\"url\":\"https:\\\/\\\/www.ccof.org\\\/\",\"name\":\"CCOF.org\",\"description\":\"Help make organic the norm!\",\"publisher\":{\"@id\":\"https:\\\/\\\/www.ccof.org\\\/#organization\"},\"potentialAction\":[{\"@type\":\"SearchAction\",\"target\":{\"@type\":\"EntryPoint\",\"urlTemplate\":\"https:\\\/\\\/www.ccof.org\\\/?s={search_term_string}\"},\"query-input\":{\"@type\":\"PropertyValueSpecification\",\"valueRequired\":true,\"valueName\":\"search_term_string\"}}],\"inLanguage\":\"es-MX\"},{\"@type\":\"Organization\",\"@id\":\"https:\\\/\\\/www.ccof.org\\\/#organization\",\"name\":\"CCOF.org\",\"url\":\"https:\\\/\\\/www.ccof.org\\\/\",\"logo\":{\"@type\":\"ImageObject\",\"inLanguage\":\"es-MX\",\"@id\":\"https:\\\/\\\/www.ccof.org\\\/#\\\/schema\\\/logo\\\/image\\\/\",\"url\":\"https:\\\/\\\/www.ccof.org\\\/wp-content\\\/uploads\\\/2024\\\/02\\\/ccof-logo.svg\",\"contentUrl\":\"https:\\\/\\\/www.ccof.org\\\/wp-content\\\/uploads\\\/2024\\\/02\\\/ccof-logo.svg\",\"width\":85,\"height\":111,\"caption\":\"CCOF.org\"},\"image\":{\"@id\":\"https:\\\/\\\/www.ccof.org\\\/#\\\/schema\\\/logo\\\/image\\\/\"},\"sameAs\":[\"https:\\\/\\\/www.facebook.com\\\/CCOForganic\",\"https:\\\/\\\/www.youtube.com\\\/c\\\/CCOForganic\",\"https:\\\/\\\/www.instagram.com\\\/ccoforganic\\\/\"]},{\"@type\":\"Person\",\"@id\":\"https:\\\/\\\/www.ccof.org\\\/#\\\/schema\\\/person\\\/5ccd134e7ab95678db6afcb521a44e07\",\"name\":\"admin\",\"image\":{\"@type\":\"ImageObject\",\"inLanguage\":\"es-MX\",\"@id\":\"https:\\\/\\\/secure.gravatar.com\\\/avatar\\\/01a869e9508babcb1c66b6b41356b4ef63d5326e5b27c38b27ed4a46b8e36b9f?s=96&d=mm&r=g\",\"url\":\"https:\\\/\\\/secure.gravatar.com\\\/avatar\\\/01a869e9508babcb1c66b6b41356b4ef63d5326e5b27c38b27ed4a46b8e36b9f?s=96&d=mm&r=g\",\"contentUrl\":\"https:\\\/\\\/secure.gravatar.com\\\/avatar\\\/01a869e9508babcb1c66b6b41356b4ef63d5326e5b27c38b27ed4a46b8e36b9f?s=96&d=mm&r=g\",\"caption\":\"admin\"},\"sameAs\":[\"http:\\\/\\\/www.ccof.org\\\/wp\"]}]}<\/script>\n<!-- \/ Yoast SEO plugin. -->","yoast_head_json":{"title":"Conozca a Magdalena Vigil Garc\u00eda, futura agricultora ecol\u00f3gica - CCOF.org","robots":{"index":"index","follow":"follow","max-snippet":"max-snippet:-1","max-image-preview":"max-image-preview:large","max-video-preview":"max-video-preview:-1"},"canonical":"http:\/\/www.ccof.org\/es\/news\/meet-magdalena-vigil-garcia-future-organic-farmer-recipient\/","og_locale":"es_MX","og_type":"article","og_title":"Meet Magdalena Vigil Garcia, Future Organic Farmer Recipient - CCOF.org","og_description":"&#8220;I am proud to be a field worker\u2019s daughter \u2026. I am one &hellip;","og_url":"http:\/\/www.ccof.org\/es\/news\/meet-magdalena-vigil-garcia-future-organic-farmer-recipient\/","og_site_name":"CCOF.org","article_publisher":"https:\/\/www.facebook.com\/CCOForganic","article_published_time":"2022-05-16T17:37:01+00:00","article_modified_time":"2024-04-23T21:08:42+00:00","og_image":[{"width":600,"height":1067,"url":"http:\/\/www.ccof.org\/wp-content\/uploads\/2024\/04\/BLOG_MagdalenaGarcia_05.16.22_photo.png","type":"image\/png"}],"author":"admin","twitter_card":"summary_large_image","twitter_misc":{"Written by":"admin","Est. reading time":"2 minutes"},"schema":{"@context":"https:\/\/schema.org","@graph":[{"@type":"Article","@id":"http:\/\/www.ccof.org\/news\/meet-magdalena-vigil-garcia-future-organic-farmer-recipient\/#article","isPartOf":{"@id":"http:\/\/www.ccof.org\/news\/meet-magdalena-vigil-garcia-future-organic-farmer-recipient\/"},"author":{"name":"admin","@id":"https:\/\/www.ccof.org\/#\/schema\/person\/5ccd134e7ab95678db6afcb521a44e07"},"headline":"Meet Magdalena Vigil Garcia, Future Organic Farmer Recipient","datePublished":"2022-05-16T17:37:01+00:00","dateModified":"2024-04-23T21:08:42+00:00","mainEntityOfPage":{"@id":"http:\/\/www.ccof.org\/news\/meet-magdalena-vigil-garcia-future-organic-farmer-recipient\/"},"wordCount":351,"commentCount":0,"publisher":{"@id":"https:\/\/www.ccof.org\/#organization"},"image":{"@id":"http:\/\/www.ccof.org\/news\/meet-magdalena-vigil-garcia-future-organic-farmer-recipient\/#primaryimage"},"thumbnailUrl":"http:\/\/www.ccof.org\/wp-content\/uploads\/2024\/04\/BLOG_MagdalenaGarcia_05.16.22_photo.png","articleSection":["Foundation News"],"inLanguage":"es-MX","potentialAction":[{"@type":"CommentAction","name":"Comment","target":["http:\/\/www.ccof.org\/news\/meet-magdalena-vigil-garcia-future-organic-farmer-recipient\/#respond"]}]},{"@type":"WebPage","@id":"http:\/\/www.ccof.org\/news\/meet-magdalena-vigil-garcia-future-organic-farmer-recipient\/","url":"http:\/\/www.ccof.org\/news\/meet-magdalena-vigil-garcia-future-organic-farmer-recipient\/","name":"Conozca a Magdalena Vigil Garc\u00eda, futura agricultora ecol\u00f3gica - CCOF.org","isPartOf":{"@id":"https:\/\/www.ccof.org\/#website"},"primaryImageOfPage":{"@id":"http:\/\/www.ccof.org\/news\/meet-magdalena-vigil-garcia-future-organic-farmer-recipient\/#primaryimage"},"image":{"@id":"http:\/\/www.ccof.org\/news\/meet-magdalena-vigil-garcia-future-organic-farmer-recipient\/#primaryimage"},"thumbnailUrl":"http:\/\/www.ccof.org\/wp-content\/uploads\/2024\/04\/BLOG_MagdalenaGarcia_05.16.22_photo.png","datePublished":"2022-05-16T17:37:01+00:00","dateModified":"2024-04-23T21:08:42+00:00","breadcrumb":{"@id":"http:\/\/www.ccof.org\/news\/meet-magdalena-vigil-garcia-future-organic-farmer-recipient\/#breadcrumb"},"inLanguage":"es-MX","potentialAction":[{"@type":"ReadAction","target":["http:\/\/www.ccof.org\/news\/meet-magdalena-vigil-garcia-future-organic-farmer-recipient\/"]}]},{"@type":"ImageObject","inLanguage":"es-MX","@id":"http:\/\/www.ccof.org\/news\/meet-magdalena-vigil-garcia-future-organic-farmer-recipient\/#primaryimage","url":"http:\/\/www.ccof.org\/wp-content\/uploads\/2024\/04\/BLOG_MagdalenaGarcia_05.16.22_photo.png","contentUrl":"http:\/\/www.ccof.org\/wp-content\/uploads\/2024\/04\/BLOG_MagdalenaGarcia_05.16.22_photo.png","width":600,"height":1067},{"@type":"BreadcrumbList","@id":"http:\/\/www.ccof.org\/news\/meet-magdalena-vigil-garcia-future-organic-farmer-recipient\/#breadcrumb","itemListElement":[{"@type":"ListItem","position":1,"name":"Home","item":"https:\/\/www.ccof.org\/"},{"@type":"ListItem","position":2,"name":"Meet Magdalena Vigil Garcia, Future Organic Farmer Recipient"}]},{"@type":"WebSite","@id":"https:\/\/www.ccof.org\/#website","url":"https:\/\/www.ccof.org\/","name":"CCOF.org","description":"\u00a1Ayude a que lo org\u00e1nico sea la norma!","publisher":{"@id":"https:\/\/www.ccof.org\/#organization"},"potentialAction":[{"@type":"SearchAction","target":{"@type":"EntryPoint","urlTemplate":"https:\/\/www.ccof.org\/?s={search_term_string}"},"query-input":{"@type":"PropertyValueSpecification","valueRequired":true,"valueName":"search_term_string"}}],"inLanguage":"es-MX"},{"@type":"Organization","@id":"https:\/\/www.ccof.org\/#organization","name":"CCOF.org","url":"https:\/\/www.ccof.org\/","logo":{"@type":"ImageObject","inLanguage":"es-MX","@id":"https:\/\/www.ccof.org\/#\/schema\/logo\/image\/","url":"https:\/\/www.ccof.org\/wp-content\/uploads\/2024\/02\/ccof-logo.svg","contentUrl":"https:\/\/www.ccof.org\/wp-content\/uploads\/2024\/02\/ccof-logo.svg","width":85,"height":111,"caption":"CCOF.org"},"image":{"@id":"https:\/\/www.ccof.org\/#\/schema\/logo\/image\/"},"sameAs":["https:\/\/www.facebook.com\/CCOForganic","https:\/\/www.youtube.com\/c\/CCOForganic","https:\/\/www.instagram.com\/ccoforganic\/"]},{"@type":"Person","@id":"https:\/\/www.ccof.org\/#\/schema\/person\/5ccd134e7ab95678db6afcb521a44e07","name":"admin","image":{"@type":"ImageObject","inLanguage":"es-MX","@id":"https:\/\/secure.gravatar.com\/avatar\/01a869e9508babcb1c66b6b41356b4ef63d5326e5b27c38b27ed4a46b8e36b9f?s=96&d=mm&r=g","url":"https:\/\/secure.gravatar.com\/avatar\/01a869e9508babcb1c66b6b41356b4ef63d5326e5b27c38b27ed4a46b8e36b9f?s=96&d=mm&r=g","contentUrl":"https:\/\/secure.gravatar.com\/avatar\/01a869e9508babcb1c66b6b41356b4ef63d5326e5b27c38b27ed4a46b8e36b9f?s=96&d=mm&r=g","caption":"admin"},"sameAs":["http:\/\/www.ccof.org\/wp"]}]}},"_links":{"self":[{"href":"http:\/\/www.ccof.org\/es\/wp-json\/wp\/v2\/posts\/33784","targetHints":{"allow":["GET"]}}],"collection":[{"href":"http:\/\/www.ccof.org\/es\/wp-json\/wp\/v2\/posts"}],"about":[{"href":"http:\/\/www.ccof.org\/es\/wp-json\/wp\/v2\/types\/post"}],"author":[{"embeddable":true,"href":"http:\/\/www.ccof.org\/es\/wp-json\/wp\/v2\/users\/1"}],"replies":[{"embeddable":true,"href":"http:\/\/www.ccof.org\/es\/wp-json\/wp\/v2\/comments?post=33784"}],"version-history":[{"count":3,"href":"http:\/\/www.ccof.org\/es\/wp-json\/wp\/v2\/posts\/33784\/revisions"}],"predecessor-version":[{"id":40972,"href":"http:\/\/www.ccof.org\/es\/wp-json\/wp\/v2\/posts\/33784\/revisions\/40972"}],"wp:featuredmedia":[{"embeddable":true,"href":"http:\/\/www.ccof.org\/es\/wp-json\/wp\/v2\/media\/34404"}],"wp:attachment":[{"href":"http:\/\/www.ccof.org\/es\/wp-json\/wp\/v2\/media?parent=33784"}],"wp:term":[{"taxonomy":"category","embeddable":true,"href":"http:\/\/www.ccof.org\/es\/wp-json\/wp\/v2\/categories?post=33784"}],"curies":[{"name":"wp","href":"https:\/\/api.w.org\/{rel}","templated":true}]}}