{"id":46236,"date":"2024-05-15T20:04:58","date_gmt":"2024-05-15T20:04:58","guid":{"rendered":"https:\/\/www.ccof.org\/?p=46236"},"modified":"2024-05-15T20:04:58","modified_gmt":"2024-05-15T20:04:58","slug":"enrollment-now-open-university-of-california-agroecology-field-quarter-summer-2024","status":"publish","type":"post","link":"http:\/\/www.ccof.org\/es\/news\/enrollment-now-open-university-of-california-agroecology-field-quarter-summer-2024\/","title":{"rendered":"Inscripciones abiertas: Cuatrimestre de Campo de Agroecolog\u00eda de la Universidad de California, Verano 2024"},"content":{"rendered":"<p>El periodo de inscripci\u00f3n para <a href=\"https:\/\/docs.google.com\/document\/d\/1p4GTPjdxygZQJ1ot0Q9l0dr87X2B0KKqBuVhtCujWtw\/edit\">Trimestre de campo de agroecolog\u00eda<\/a> ya est\u00e1 abierto y tendr\u00e1 lugar <strong>Del 8 de julio al 23 de agosto de 2024<\/strong>. El Trimestre de Campo de Agroecolog\u00eda es un curso residencial e itinerante a tiempo completo, de siete semanas de duraci\u00f3n, que tendr\u00e1 una cohorte m\u00e1xima de 25 estudiantes. La inscripci\u00f3n est\u00e1 abierta a todos los estudiantes del campus de la Universidad de California (UC) y tambi\u00e9n a estudiantes de fuera de la UC.<\/p>\n<p>Durante las siete semanas que dura el curso, se realizan estudios de campo basados principalmente en actividades de aprendizaje pr\u00e1ctico sobre el terreno, con visitas a acad\u00e9micos, agricultores y organizaciones comunitarias que lideran la investigaci\u00f3n, la extensi\u00f3n y las operaciones agr\u00edcolas agroecol\u00f3gicas.<\/p>\n<p>M\u00e1s informaci\u00f3n en<a href=\"https:\/\/docs.google.com\/document\/d\/1p4GTPjdxygZQJ1ot0Q9l0dr87X2B0KKqBuVhtCujWtw\/edit?usp=sharing\">\u00a0los detalles del curso y los instructores se pueden encontrar en l\u00ednea<\/a>.<\/p>\n<p>Si est\u00e1 matriculado o ya ha completado los cursos 130A\/L o 130C durante el a\u00f1o acad\u00e9mico, p\u00f3ngase en contacto con la Asesora de Pregrado de ENVS Cassie Isaacson (<u>cassie.isaacson@ucsc.edu<\/u>) o Damian Parr (<u>dmparr@ucsc.edu<\/u>) para m\u00e1s informaci\u00f3n sobre adaptaciones a estas circunstancias. Podr\u00e1s matricularte, pero habr\u00e1 que hacer una excepci\u00f3n a la pol\u00edtica y una revisi\u00f3n de tu plan acad\u00e9mico.<\/p>\n<p><strong>Horario semanal:<\/strong><\/p>\n<p>El programa presencial en tierra, centrado en la pr\u00e1ctica, se desarrolla <strong>De lunes a viernes, de 8.00 a 15.00 horas.<\/strong>El resto del tiempo se dedicar\u00e1 a debates no estructurados, lecturas y tareas. Algunos viajes tendr\u00e1n lugar los fines de semana. Se requiere la participaci\u00f3n en persona en las siete semanas de viaje residencial. Se tendr\u00e1n en cuenta las ausencias por motivos m\u00e9dicos, espirituales y familiares. En el alojamiento se dar\u00e1 prioridad a las necesidades de privacidad y seguridad de cada estudiante. El curso acepta <a href=\"https:\/\/drc.ucsc.edu\/\">Alojamientos del Centro de Recursos para Discapacitados<\/a>. Si tiene preguntas sobre el alojamiento, p\u00f3ngase en contacto con Damian Parr (<u>dmparr@ucsc.edu<\/u>).<\/p>\n<p><strong>Horario del programa:<\/strong> <strong>Del 8 de julio al 23 de agosto<\/strong><\/p>\n<p>4 semanas en la granja de la UCSC y las organizaciones y granjas comunitarias de la regi\u00f3n circundante<\/p>\n<p>1 semana en la zona de Fresno, en la Estaci\u00f3n Experimental Agr\u00edcola y en organizaciones y granjas comunitarias de la regi\u00f3n.<\/p>\n<p>1 semana en la y en organizaciones comunitarias y granjas regionales<\/p>\n<p>1 semana en el Este de la Bah\u00eda y en granjas de estudiantes y organizaciones comunitarias y granjas regionales<\/p>\n<p><strong>Inscripci\u00f3n:<\/strong><\/p>\n<p>La inscripci\u00f3n es por solicitud y por permiso del instructor. Por favor, rellene la solicitud en el siguiente enlace. La solicitud no pretende excluir, sino m\u00e1s bien informar a los instructores sobre la mejor manera de apoyar el aprendizaje de los estudiantes.<\/p>\n<p><strong>Coste del programa<\/strong>:<\/p>\n<p>El precio del curso es de <strong>$2,740 <\/strong>cubre el coste de siete semanas de alojamiento, comida, transporte y material did\u00e1ctico.<\/p>\n<p>En la sesi\u00f3n de verano se cobra la matr\u00edcula y las tasas acad\u00e9micas de las 10 primeras unidades, por un total de <strong>$3,132<\/strong>. Las siete unidades restantes son gratuitas. Si tomas cursos adicionales durante el verano, tambi\u00e9n son gratuitos despu\u00e9s de 10 unidades.<\/p>\n<p><strong>El coste total de las tasas del curso, la matr\u00edcula y las tasas del campus es de $5,872<\/strong>.<\/p>\n<p>Los envases de la <a href=\"https:\/\/docs.google.com\/forms\/d\/e\/1FAIpQLSe84WV6CX_LJdsa7pDTBq4tESxtY9pVfrk38pH47Luqt721qg\/viewform?usp=sf_link\">La solicitud del programa puede encontrarse en l\u00ednea<\/a>.<\/p>\n<p>Para m\u00e1s informaci\u00f3n, no dude en ponerse en contacto con Damian Parr en <a href=\"mailto:dmparr@ucsc.edu\">dmparr@ucsc.edu<\/a>.<\/p>\n<p>***<\/p>\n<p><strong><em>Este art\u00edculo ha sido escrito por Hanali Lopez-Tapia en nombre de UC Santa Cruz <\/em><\/strong><strong><em>Programa de Cuatrimestre de Campo de Agroecolog\u00eda.<\/em><\/strong><\/p>","protected":false},"excerpt":{"rendered":"<p>El plazo de inscripci\u00f3n para el Trimestre de Campo de Agroecolog\u00eda ya est\u00e1 abierto y ...<\/p>","protected":false},"author":18,"featured_media":0,"comment_status":"closed","ping_status":"closed","sticky":false,"template":"","format":"standard","meta":{"_acf_changed":false,"_relevanssi_hide_post":"","_relevanssi_hide_content":"","_relevanssi_pin_for_all":"","_relevanssi_pin_keywords":"","_relevanssi_unpin_keywords":"","_relevanssi_related_keywords":"","_relevanssi_related_include_ids":"0","_relevanssi_related_exclude_ids":"","_relevanssi_related_no_append":"","_relevanssi_related_not_related":"","_relevanssi_related_posts":"","_relevanssi_noindex_reason":"","footnotes":""},"categories":[11342],"class_list":["post-46236","post","type-post","status-publish","format-standard","hentry","category-community","language-english","foundation_topics-education"],"acf":[],"yoast_head":"<!-- This site is optimized with the Yoast SEO plugin v27.3 - https:\/\/yoast.com\/product\/yoast-seo-wordpress\/ -->\n<title>Enrollment Now Open: University of California Agroecology Field Quarter, Summer 2024 - CCOF.org<\/title>\n<meta name=\"robots\" content=\"index, follow, max-snippet:-1, max-image-preview:large, max-video-preview:-1\" \/>\n<link rel=\"canonical\" href=\"https:\/\/www.ccof.org\/es\/news\/enrollment-now-open-university-of-california-agroecology-field-quarter-summer-2024\/\" \/>\n<meta property=\"og:locale\" content=\"es_MX\" \/>\n<meta property=\"og:type\" content=\"article\" \/>\n<meta property=\"og:title\" content=\"Enrollment Now Open: University of California Agroecology Field Quarter, Summer 2024 - CCOF.org\" \/>\n<meta property=\"og:description\" content=\"The enrollment period for Agroecology Field Quarter is now open and will take &hellip;\" \/>\n<meta property=\"og:url\" content=\"https:\/\/www.ccof.org\/es\/news\/enrollment-now-open-university-of-california-agroecology-field-quarter-summer-2024\/\" \/>\n<meta property=\"og:site_name\" content=\"CCOF.org\" \/>\n<meta property=\"article:publisher\" content=\"https:\/\/www.facebook.com\/CCOForganic\" \/>\n<meta property=\"article:published_time\" content=\"2024-05-15T20:04:58+00:00\" \/>\n<meta name=\"author\" content=\"Christina Adams\" \/>\n<meta name=\"twitter:card\" content=\"summary_large_image\" \/>\n<meta name=\"twitter:label1\" content=\"Written by\" \/>\n\t<meta name=\"twitter:data1\" content=\"Christina Adams\" \/>\n\t<meta name=\"twitter:label2\" content=\"Est. reading time\" \/>\n\t<meta name=\"twitter:data2\" content=\"3 minutes\" \/>\n<script type=\"application\/ld+json\" class=\"yoast-schema-graph\">{\"@context\":\"https:\\\/\\\/schema.org\",\"@graph\":[{\"@type\":\"Article\",\"@id\":\"https:\\\/\\\/www.ccof.org\\\/es\\\/news\\\/enrollment-now-open-university-of-california-agroecology-field-quarter-summer-2024\\\/#article\",\"isPartOf\":{\"@id\":\"https:\\\/\\\/www.ccof.org\\\/es\\\/news\\\/enrollment-now-open-university-of-california-agroecology-field-quarter-summer-2024\\\/\"},\"author\":{\"name\":\"Christina Adams\",\"@id\":\"https:\\\/\\\/www.ccof.org\\\/#\\\/schema\\\/person\\\/be78be4fc4c4ac424b7d0539932eb93a\"},\"headline\":\"Enrollment Now Open: University of California Agroecology Field Quarter, Summer 2024\",\"datePublished\":\"2024-05-15T20:04:58+00:00\",\"mainEntityOfPage\":{\"@id\":\"https:\\\/\\\/www.ccof.org\\\/es\\\/news\\\/enrollment-now-open-university-of-california-agroecology-field-quarter-summer-2024\\\/\"},\"wordCount\":470,\"publisher\":{\"@id\":\"https:\\\/\\\/www.ccof.org\\\/#organization\"},\"articleSection\":[\"Community\"],\"inLanguage\":\"es-MX\"},{\"@type\":\"WebPage\",\"@id\":\"https:\\\/\\\/www.ccof.org\\\/es\\\/news\\\/enrollment-now-open-university-of-california-agroecology-field-quarter-summer-2024\\\/\",\"url\":\"https:\\\/\\\/www.ccof.org\\\/es\\\/news\\\/enrollment-now-open-university-of-california-agroecology-field-quarter-summer-2024\\\/\",\"name\":\"Enrollment Now Open: University of California Agroecology Field Quarter, Summer 2024 - CCOF.org\",\"isPartOf\":{\"@id\":\"https:\\\/\\\/www.ccof.org\\\/#website\"},\"datePublished\":\"2024-05-15T20:04:58+00:00\",\"breadcrumb\":{\"@id\":\"https:\\\/\\\/www.ccof.org\\\/es\\\/news\\\/enrollment-now-open-university-of-california-agroecology-field-quarter-summer-2024\\\/#breadcrumb\"},\"inLanguage\":\"es-MX\",\"potentialAction\":[{\"@type\":\"ReadAction\",\"target\":[\"https:\\\/\\\/www.ccof.org\\\/es\\\/news\\\/enrollment-now-open-university-of-california-agroecology-field-quarter-summer-2024\\\/\"]}]},{\"@type\":\"BreadcrumbList\",\"@id\":\"https:\\\/\\\/www.ccof.org\\\/es\\\/news\\\/enrollment-now-open-university-of-california-agroecology-field-quarter-summer-2024\\\/#breadcrumb\",\"itemListElement\":[{\"@type\":\"ListItem\",\"position\":1,\"name\":\"Home\",\"item\":\"https:\\\/\\\/www.ccof.org\\\/\"},{\"@type\":\"ListItem\",\"position\":2,\"name\":\"Enrollment Now Open: University of California Agroecology Field Quarter, Summer 2024\"}]},{\"@type\":\"WebSite\",\"@id\":\"https:\\\/\\\/www.ccof.org\\\/#website\",\"url\":\"https:\\\/\\\/www.ccof.org\\\/\",\"name\":\"CCOF.org\",\"description\":\"Help make organic the norm!\",\"publisher\":{\"@id\":\"https:\\\/\\\/www.ccof.org\\\/#organization\"},\"potentialAction\":[{\"@type\":\"SearchAction\",\"target\":{\"@type\":\"EntryPoint\",\"urlTemplate\":\"https:\\\/\\\/www.ccof.org\\\/?s={search_term_string}\"},\"query-input\":{\"@type\":\"PropertyValueSpecification\",\"valueRequired\":true,\"valueName\":\"search_term_string\"}}],\"inLanguage\":\"es-MX\"},{\"@type\":\"Organization\",\"@id\":\"https:\\\/\\\/www.ccof.org\\\/#organization\",\"name\":\"CCOF.org\",\"url\":\"https:\\\/\\\/www.ccof.org\\\/\",\"logo\":{\"@type\":\"ImageObject\",\"inLanguage\":\"es-MX\",\"@id\":\"https:\\\/\\\/www.ccof.org\\\/#\\\/schema\\\/logo\\\/image\\\/\",\"url\":\"https:\\\/\\\/www.ccof.org\\\/wp-content\\\/uploads\\\/2024\\\/02\\\/ccof-logo.svg\",\"contentUrl\":\"https:\\\/\\\/www.ccof.org\\\/wp-content\\\/uploads\\\/2024\\\/02\\\/ccof-logo.svg\",\"width\":85,\"height\":111,\"caption\":\"CCOF.org\"},\"image\":{\"@id\":\"https:\\\/\\\/www.ccof.org\\\/#\\\/schema\\\/logo\\\/image\\\/\"},\"sameAs\":[\"https:\\\/\\\/www.facebook.com\\\/CCOForganic\",\"https:\\\/\\\/www.youtube.com\\\/c\\\/CCOForganic\",\"https:\\\/\\\/www.instagram.com\\\/ccoforganic\\\/\"]},{\"@type\":\"Person\",\"@id\":\"https:\\\/\\\/www.ccof.org\\\/#\\\/schema\\\/person\\\/be78be4fc4c4ac424b7d0539932eb93a\",\"name\":\"Christina Adams\",\"image\":{\"@type\":\"ImageObject\",\"inLanguage\":\"es-MX\",\"@id\":\"https:\\\/\\\/secure.gravatar.com\\\/avatar\\\/97a9dad4a34fe7ba713b85b6b43161f9cea856349f498b009f695467264d5b3e?s=96&d=mm&r=g\",\"url\":\"https:\\\/\\\/secure.gravatar.com\\\/avatar\\\/97a9dad4a34fe7ba713b85b6b43161f9cea856349f498b009f695467264d5b3e?s=96&d=mm&r=g\",\"contentUrl\":\"https:\\\/\\\/secure.gravatar.com\\\/avatar\\\/97a9dad4a34fe7ba713b85b6b43161f9cea856349f498b009f695467264d5b3e?s=96&d=mm&r=g\",\"caption\":\"Christina Adams\"}}]}<\/script>\n<!-- \/ Yoast SEO plugin. -->","yoast_head_json":{"title":"Inscripciones abiertas: Cuatrimestre de Campo de Agroecolog\u00eda de la Universidad de California, Verano 2024 - CCOF.org","robots":{"index":"index","follow":"follow","max-snippet":"max-snippet:-1","max-image-preview":"max-image-preview:large","max-video-preview":"max-video-preview:-1"},"canonical":"https:\/\/www.ccof.org\/es\/news\/enrollment-now-open-university-of-california-agroecology-field-quarter-summer-2024\/","og_locale":"es_MX","og_type":"article","og_title":"Enrollment Now Open: University of California Agroecology Field Quarter, Summer 2024 - CCOF.org","og_description":"The enrollment period for Agroecology Field Quarter is now open and will take &hellip;","og_url":"https:\/\/www.ccof.org\/es\/news\/enrollment-now-open-university-of-california-agroecology-field-quarter-summer-2024\/","og_site_name":"CCOF.org","article_publisher":"https:\/\/www.facebook.com\/CCOForganic","article_published_time":"2024-05-15T20:04:58+00:00","author":"Christina Adams","twitter_card":"summary_large_image","twitter_misc":{"Written by":"Christina Adams","Est. reading time":"3 minutes"},"schema":{"@context":"https:\/\/schema.org","@graph":[{"@type":"Article","@id":"https:\/\/www.ccof.org\/es\/news\/enrollment-now-open-university-of-california-agroecology-field-quarter-summer-2024\/#article","isPartOf":{"@id":"https:\/\/www.ccof.org\/es\/news\/enrollment-now-open-university-of-california-agroecology-field-quarter-summer-2024\/"},"author":{"name":"Christina Adams","@id":"https:\/\/www.ccof.org\/#\/schema\/person\/be78be4fc4c4ac424b7d0539932eb93a"},"headline":"Enrollment Now Open: University of California Agroecology Field Quarter, Summer 2024","datePublished":"2024-05-15T20:04:58+00:00","mainEntityOfPage":{"@id":"https:\/\/www.ccof.org\/es\/news\/enrollment-now-open-university-of-california-agroecology-field-quarter-summer-2024\/"},"wordCount":470,"publisher":{"@id":"https:\/\/www.ccof.org\/#organization"},"articleSection":["Community"],"inLanguage":"es-MX"},{"@type":"WebPage","@id":"https:\/\/www.ccof.org\/es\/news\/enrollment-now-open-university-of-california-agroecology-field-quarter-summer-2024\/","url":"https:\/\/www.ccof.org\/es\/news\/enrollment-now-open-university-of-california-agroecology-field-quarter-summer-2024\/","name":"Inscripciones abiertas: Cuatrimestre de Campo de Agroecolog\u00eda de la Universidad de California, Verano 2024 - CCOF.org","isPartOf":{"@id":"https:\/\/www.ccof.org\/#website"},"datePublished":"2024-05-15T20:04:58+00:00","breadcrumb":{"@id":"https:\/\/www.ccof.org\/es\/news\/enrollment-now-open-university-of-california-agroecology-field-quarter-summer-2024\/#breadcrumb"},"inLanguage":"es-MX","potentialAction":[{"@type":"ReadAction","target":["https:\/\/www.ccof.org\/es\/news\/enrollment-now-open-university-of-california-agroecology-field-quarter-summer-2024\/"]}]},{"@type":"BreadcrumbList","@id":"https:\/\/www.ccof.org\/es\/news\/enrollment-now-open-university-of-california-agroecology-field-quarter-summer-2024\/#breadcrumb","itemListElement":[{"@type":"ListItem","position":1,"name":"Home","item":"https:\/\/www.ccof.org\/"},{"@type":"ListItem","position":2,"name":"Enrollment Now Open: University of California Agroecology Field Quarter, Summer 2024"}]},{"@type":"WebSite","@id":"https:\/\/www.ccof.org\/#website","url":"https:\/\/www.ccof.org\/","name":"CCOF.org","description":"\u00a1Ayude a que lo org\u00e1nico sea la norma!","publisher":{"@id":"https:\/\/www.ccof.org\/#organization"},"potentialAction":[{"@type":"SearchAction","target":{"@type":"EntryPoint","urlTemplate":"https:\/\/www.ccof.org\/?s={search_term_string}"},"query-input":{"@type":"PropertyValueSpecification","valueRequired":true,"valueName":"search_term_string"}}],"inLanguage":"es-MX"},{"@type":"Organization","@id":"https:\/\/www.ccof.org\/#organization","name":"CCOF.org","url":"https:\/\/www.ccof.org\/","logo":{"@type":"ImageObject","inLanguage":"es-MX","@id":"https:\/\/www.ccof.org\/#\/schema\/logo\/image\/","url":"https:\/\/www.ccof.org\/wp-content\/uploads\/2024\/02\/ccof-logo.svg","contentUrl":"https:\/\/www.ccof.org\/wp-content\/uploads\/2024\/02\/ccof-logo.svg","width":85,"height":111,"caption":"CCOF.org"},"image":{"@id":"https:\/\/www.ccof.org\/#\/schema\/logo\/image\/"},"sameAs":["https:\/\/www.facebook.com\/CCOForganic","https:\/\/www.youtube.com\/c\/CCOForganic","https:\/\/www.instagram.com\/ccoforganic\/"]},{"@type":"Person","@id":"https:\/\/www.ccof.org\/#\/schema\/person\/be78be4fc4c4ac424b7d0539932eb93a","name":"Christina Adams","image":{"@type":"ImageObject","inLanguage":"es-MX","@id":"https:\/\/secure.gravatar.com\/avatar\/97a9dad4a34fe7ba713b85b6b43161f9cea856349f498b009f695467264d5b3e?s=96&d=mm&r=g","url":"https:\/\/secure.gravatar.com\/avatar\/97a9dad4a34fe7ba713b85b6b43161f9cea856349f498b009f695467264d5b3e?s=96&d=mm&r=g","contentUrl":"https:\/\/secure.gravatar.com\/avatar\/97a9dad4a34fe7ba713b85b6b43161f9cea856349f498b009f695467264d5b3e?s=96&d=mm&r=g","caption":"Christina Adams"}}]}},"_links":{"self":[{"href":"http:\/\/www.ccof.org\/es\/wp-json\/wp\/v2\/posts\/46236","targetHints":{"allow":["GET"]}}],"collection":[{"href":"http:\/\/www.ccof.org\/es\/wp-json\/wp\/v2\/posts"}],"about":[{"href":"http:\/\/www.ccof.org\/es\/wp-json\/wp\/v2\/types\/post"}],"author":[{"embeddable":true,"href":"http:\/\/www.ccof.org\/es\/wp-json\/wp\/v2\/users\/18"}],"replies":[{"embeddable":true,"href":"http:\/\/www.ccof.org\/es\/wp-json\/wp\/v2\/comments?post=46236"}],"version-history":[{"count":2,"href":"http:\/\/www.ccof.org\/es\/wp-json\/wp\/v2\/posts\/46236\/revisions"}],"predecessor-version":[{"id":46238,"href":"http:\/\/www.ccof.org\/es\/wp-json\/wp\/v2\/posts\/46236\/revisions\/46238"}],"wp:attachment":[{"href":"http:\/\/www.ccof.org\/es\/wp-json\/wp\/v2\/media?parent=46236"}],"wp:term":[{"taxonomy":"category","embeddable":true,"href":"http:\/\/www.ccof.org\/es\/wp-json\/wp\/v2\/categories?post=46236"}],"curies":[{"name":"wp","href":"https:\/\/api.w.org\/{rel}","templated":true}]}}