{"id":33145,"date":"2020-06-29T23:07:06","date_gmt":"2020-06-29T23:07:06","guid":{"rendered":"https:\/\/www.ccof.org\/whats-happening-on-the-organic-ground-organic-farming-under-covid-19\/"},"modified":"2024-04-23T21:06:21","modified_gmt":"2024-04-23T21:06:21","slug":"whats-happening-on-the-organic-ground-organic-farming-under-covid-19","status":"publish","type":"post","link":"https:\/\/www.ccof.org\/es\/news\/whats-happening-on-the-organic-ground-organic-farming-under-covid-19\/","title":{"rendered":"\u00bfQu\u00e9 est\u00e1 pasando en la tierra (org\u00e1nica)? La agricultura org\u00e1nica en COVID-19"},"content":{"rendered":"<p>Cuando se produjo el COVID-19, los agricultores ya se enfrentaban a importantes retos. Los bajos precios combinados con el aumento de los costos de producci\u00f3n, la escasez de mano de obra y los impactos del cambio clim\u00e1tico dieron como resultado que el 58% de las granjas de California operaran con p\u00e9rdidas netas en 2017. Hoy en d\u00eda, los agricultores org\u00e1nicos y las empresas trabajan sin descanso para adaptarse a las nuevas condiciones.<\/p>\n<p>El CCOF recopil\u00f3 esta visi\u00f3n general bas\u00e1ndose en investigaciones agr\u00edcolas y de mercado y en datos cualitativos de una muestra de productores, procesadores y empresas del CCOF (30 l\u00edderes de cap\u00edtulos y 192 respuestas a encuestas). Por favor, h\u00e1ganos saber si hemos pasado por alto su experiencia en\u00a0<a       href=\"mailto:policy@ccof.org\">policy@ccof.org<\/a>.<\/p>\n<p><em><strong>\u00a0       \u00a0 \u00a0 \u00a0 \u00a0 \u00a0 \u00a0 \u00a0 \u00a0 \u00a0 \u00a0 \u00a0 \u00a0 \u00a0       \u00a0 \u00a0 \u00a0 \u00a0 \u00a0 \u00a0 \u00a0 \u00a0 \u00a0 \u00a0 \u00a0 \u00a0 \u00a0       \u00a0 \u00a0 \u00a0 \u00a0 \u00a0 \u00a0 \u00a0 \u00a0 \u00a0\u00bfC\u00f3mo est\u00e1 afectando COVID-19 a los agricultores y empresas org\u00e1nicas?<\/strong><\/em><\/p>\n<p><strong>En la granja\u00a0<\/strong><\/p>\n<ul><\/p>\n<li>Los agricultores se enfrentan a cambios r\u00e1pidos en muchos frentes, entre ellos cambios en la demanda y el cierre de puntos de venta, cambios en los modelos de negocio y los protocolos de seguridad, y dificultades para planificar con antelaci\u00f3n una recesi\u00f3n econ\u00f3mica en la que la disminuci\u00f3n del poder adquisitivo de los consumidores puede cambiar la futura demanda de productos org\u00e1nicos.<\/li>\n<figure class=\"content-image\"><\/figure>\n<li>El agravamiento de la escasez de mano de obra a\u00f1ade estr\u00e9s e incertidumbre a todos los agricultores.<\/li>\n<figure class=\"content-image\"><\/figure>\n<li>Las empresas est\u00e1n incurriendo en costes adicionales al implantar nuevas pr\u00e1cticas para proteger la salud y la seguridad de los trabajadores. Muchas han tenido dificultades para adquirir equipos de protecci\u00f3n individual (EPI). Algunas est\u00e1n pagando indemnizaciones por riesgo a sus trabajadores.<\/li>\n<figure class=\"content-image\"><\/figure>\n<li>Muchas explotaciones est\u00e1n invirtiendo en nuevos sistemas e infraestructuras de comercializaci\u00f3n. Los agricultores corren el riesgo de que estas inversiones no sean financieramente viables si la demanda de los consumidores cambia despu\u00e9s del COVID.  Por ejemplo, no es seguro que se mantenga la abrumadora demanda de CSA.<\/li>\n<figure class=\"content-image\"><\/figure>\n<li>La fluctuaci\u00f3n de los precios de los cultivos agrava la inseguridad econ\u00f3mica. Los reembolsos de los bancos de alimentos y los programas federales de ayuda s\u00f3lo cubren una parte de los costes de producci\u00f3n, y muchos quedan excluidos del acceso a las ayudas federales de socorro.\u00a0<\/li>\n<p><\/ul>\n<p><strong>En toda la cadena de suministro<\/strong><\/p>\n<p>Instalaciones de envasado, almacenamiento y transformaci\u00f3n<\/p>\n<ul><\/p>\n<li>No hemos o\u00eddo hablar de grandes trastornos en las instalaciones de envasado y almacenamiento de productos org\u00e1nicos certificados; sin embargo, los productores informan de que si sus centros de envasado org\u00e1nico cerraran por motivos de seguridad, se quedar\u00edan sin una instalaci\u00f3n certificada para envasar y almacenar sus productos.<\/li>\n<figure class=\"content-image\"><\/figure>\n<li>Algunos manejadores\/transformadores han cerrado por completo, mientras que otros est\u00e1n ampliando la producci\u00f3n debido a la demanda.<\/li>\n<p><\/ul>\n<p>Desaf\u00edos especiales para los ganaderos<\/p>\n<ul><\/p>\n<li>La escasez preexistente de instalaciones de procesamiento de carne del USDA, combinada con el cierre de grandes plantas c\u00e1rnicas, ha creado graves cuellos de botella en las instalaciones que permanecen abiertas, siendo los peque\u00f1os y medianos productores los m\u00e1s afectados.<\/li>\n<figure class=\"content-image\"><\/figure>\n<li>Algunos productores de productos l\u00e1cteos org\u00e1nicos, especialmente los que est\u00e1n integrados verticalmente con sus propias instalaciones de procesado, han evitado interrupciones importantes. Hemos o\u00eddo que la mantequilla org\u00e1nica es dif\u00edcil de conseguir y que hay escasez de leche org\u00e1nica en las tiendas.<\/li>\n<p><\/ul>\n<p>Ventas<\/p>\n<ul><\/p>\n<li>En general, las ventas a establecimientos de servicios alimentarios, incluidos mayoristas, restaurantes e instituciones como escuelas, han disminuido significativamente, mientras que las ventas al por menor, directas al consumidor y en l\u00ednea han aumentado.<\/li>\n<figure class=\"content-image\"><\/figure>\n<li>Las empresas que venden principalmente en los mercados de servicios alimentarios son las que est\u00e1n experimentando las interrupciones m\u00e1s graves en las ventas, porque los pedidos para quedarse en casa han cerrado muchos restaurantes e instituciones.<\/li>\n<figure class=\"content-image\"><\/figure>\n<li>Las empresas con diversos puntos de venta se benefician de la capacidad de aumentar las ventas al por menor, las ventas directas al consumidor y los puntos de venta en l\u00ednea, lo que ayuda a compensar las p\u00e9rdidas derivadas de la disminuci\u00f3n de las ventas de los servicios de restauraci\u00f3n.<\/li>\n<figure class=\"content-image\"><\/figure>\n<li>Las empresas que comercializan directamente con los consumidores est\u00e1n experimentando menos interrupciones en sus ventas. Las ventas por comercio electr\u00f3nico, incluidas las tiendas en l\u00ednea y los modelos de suscripci\u00f3n como las cajas de CSA y los programas de entrega de kits de comida, est\u00e1n experimentando un gran aumento de la demanda. Las ventas en las granjas, incluidos los puestos de venta y la recogida en la granja, est\u00e1n aumentando. Algunos mercados de agricultores cerraron temporalmente y volvieron a abrir con pol\u00edticas de distanciamiento social, otros est\u00e1n experimentando importantes ca\u00eddas en la asistencia, y otros mercados de agricultores est\u00e1n experimentando un aumento de las ventas. En la mayor\u00eda de los casos han cesado las operaciones de recogida selectiva.<\/li>\n<figure class=\"content-image\"><\/figure>\n<li>Las empresas con cadenas de suministro m\u00e1s largas han sufrido algunas interrupciones debido a los problemas de transporte y distribuci\u00f3n de sus productos. Algunas empresas est\u00e1n pagando indemnizaciones a sus camioneros.\u00a0<\/li>\n<figure class=\"content-image\"><\/figure>\n<li>Las ventas internacionales sufrieron interrupciones al principio de la pandemia, mientras las empresas y los medios de transporte de todo el mundo se adaptaban a los nuevos protocolos de seguridad.<\/li>\n<figure class=\"content-image\"><\/figure>\n<li>El sector vitivin\u00edcola, que depende en gran medida del turismo y de las salas de degustaci\u00f3n, ha sufrido una importante ca\u00edda del negocio y despidos generalizados.<\/li>\n<p><\/ul>\n<p><strong>El sector org\u00e1nico<\/strong><\/p>\n<ul><\/p>\n<li>Se espera que los productos de primera necesidad, como los l\u00e1cteos, los huevos, el pan, la pasta y el arroz, experimenten un mayor crecimiento en 2020 debido a las directrices COVID-19 para quedarse en casa.<\/li>\n<figure class=\"content-image\"><\/figure>\n<li>Durante la cuarentena de COVID-19 en marzo y abril de 2020, el comportamiento de compra de los consumidores de despensa-carga empuj\u00f3 las ventas al por menor generales a\u00a0<a       href=\"https:\/\/www.andnowuknow.com\/bloom\/category-partners-reports-retail-perishables-stabilize-elevated-levels-steve-lutz\/melissa-de-leon-chavez\/67708\">m\u00e1ximos hist\u00f3ricos<\/a>. Los consumidores tambi\u00e9n compraron m\u00e1s productos org\u00e1nicos que nunca, con aumentos significativos respecto al a\u00f1o anterior.<\/li>\n<figure class=\"content-image\"><\/figure>\n<li>Durante este tiempo, las ventas de productos org\u00e1nicos tambi\u00e9n superaron la tasa de crecimiento en d\u00f3lares y volumen de los productos convencionales.       Seg\u00fan datos recogidos por\u00a0<a       href=\"https:\/\/www.organicproducenetwork.com\/amass\/doc-get-pub\/document\/19\/2020 Q1       Update v1 4-15-2020 FINAL.pdf\">Neilsen<\/a>En marzo, el volumen de ventas de productos org\u00e1nicos aument\u00f3 un 25,8%, mientras que el de los convencionales creci\u00f3 un 22%. En abril, el volumen de ventas de productos org\u00e1nicos aument\u00f3 un 10%, frente al 7,7% de los convencionales. Estos datos son coherentes con la tendencia de d\u00e9cadas en las que las ventas de productos org\u00e1nicos superan a las de convencionales, que continu\u00f3 en el primer trimestre de 2020, antes del inicio de la cuarentena COVID-19.\u00a0<\/li>\n<figure class=\"content-image\"><\/figure>\n<li>El coste econ\u00f3mico total del brote de coronavirus en los sistemas alimentarios locales y regionales -en los que los productores org\u00e1nicos venden a precios m\u00e1s elevados que los convencionales- podr\u00eda ascender a 1.300 millones de euros entre marzo y mayo de este a\u00f1o, seg\u00fan un informe de la Comisi\u00f3n Europea.\u00a0<a       href=\"https:\/\/localfoodeconomics.com\/wp-content\/uploads\/2020\/03\/2020_03_21_EconomicImpactLocalFood-NSAC-SEH.pdf\">nuevo an\u00e1lisis<\/a>\u00a0por investigadores de la Universidad Estatal de Colorado y la Universidad de Missouri.\u00a0\u00a0<\/li>\n<p><\/ul>\n<figure class=\"content-image\"><\/figure>","protected":false},"excerpt":{"rendered":"<p>Cuando se produjo el COVID-19, los agricultores ya se enfrentaban a importantes retos. Los bajos precios combinados con ...<\/p>","protected":false},"author":1,"featured_media":0,"comment_status":"open","ping_status":"open","sticky":false,"template":"","format":"standard","meta":{"_acf_changed":false,"_relevanssi_hide_post":"","_relevanssi_hide_content":"","_relevanssi_pin_for_all":"","_relevanssi_pin_keywords":"","_relevanssi_unpin_keywords":"","_relevanssi_related_keywords":"","_relevanssi_related_include_ids":"","_relevanssi_related_exclude_ids":"","_relevanssi_related_no_append":"","_relevanssi_related_not_related":"","_relevanssi_related_posts":"","_relevanssi_noindex_reason":"","footnotes":""},"categories":[111],"class_list":["post-33145","post","type-post","status-publish","format-standard","hentry","category-foundation-news","language-english","foundation_topics-events"],"acf":[],"yoast_head":"<!-- This site is optimized with the Yoast SEO plugin v27.3 - https:\/\/yoast.com\/product\/yoast-seo-wordpress\/ -->\n<title>What&#x2019;s Happening on the (Organic) Ground? Organic Farming Under COVID-19 - CCOF.org<\/title>\n<meta name=\"robots\" content=\"index, follow, max-snippet:-1, max-image-preview:large, max-video-preview:-1\" \/>\n<link rel=\"canonical\" href=\"http:\/\/www.ccof.org\/es\/news\/whats-happening-on-the-organic-ground-organic-farming-under-covid-19\/\" \/>\n<meta property=\"og:locale\" content=\"es_MX\" \/>\n<meta property=\"og:type\" content=\"article\" \/>\n<meta property=\"og:title\" content=\"What&#x2019;s Happening on the (Organic) Ground? Organic Farming Under COVID-19 - CCOF.org\" \/>\n<meta property=\"og:description\" content=\"When COVID-19 struck, farmers were already facing significant challenges. Low prices combined with &hellip;\" \/>\n<meta property=\"og:url\" content=\"http:\/\/www.ccof.org\/es\/news\/whats-happening-on-the-organic-ground-organic-farming-under-covid-19\/\" \/>\n<meta property=\"og:site_name\" content=\"CCOF.org\" \/>\n<meta property=\"article:publisher\" content=\"https:\/\/www.facebook.com\/CCOForganic\" \/>\n<meta property=\"article:published_time\" content=\"2020-06-29T23:07:06+00:00\" \/>\n<meta property=\"article:modified_time\" content=\"2024-04-23T21:06:21+00:00\" \/>\n<meta name=\"author\" content=\"admin\" \/>\n<meta name=\"twitter:card\" content=\"summary_large_image\" \/>\n<meta name=\"twitter:label1\" content=\"Written by\" \/>\n\t<meta name=\"twitter:data1\" content=\"admin\" \/>\n\t<meta name=\"twitter:label2\" content=\"Est. reading time\" \/>\n\t<meta name=\"twitter:data2\" content=\"4 minutes\" \/>\n<script type=\"application\/ld+json\" class=\"yoast-schema-graph\">{\"@context\":\"https:\\\/\\\/schema.org\",\"@graph\":[{\"@type\":\"Article\",\"@id\":\"http:\\\/\\\/www.ccof.org\\\/news\\\/whats-happening-on-the-organic-ground-organic-farming-under-covid-19\\\/#article\",\"isPartOf\":{\"@id\":\"http:\\\/\\\/www.ccof.org\\\/news\\\/whats-happening-on-the-organic-ground-organic-farming-under-covid-19\\\/\"},\"author\":{\"name\":\"admin\",\"@id\":\"https:\\\/\\\/www.ccof.org\\\/#\\\/schema\\\/person\\\/5ccd134e7ab95678db6afcb521a44e07\"},\"headline\":\"What&#x2019;s Happening on the (Organic) Ground? Organic Farming Under COVID-19\",\"datePublished\":\"2020-06-29T23:07:06+00:00\",\"dateModified\":\"2024-04-23T21:06:21+00:00\",\"mainEntityOfPage\":{\"@id\":\"http:\\\/\\\/www.ccof.org\\\/news\\\/whats-happening-on-the-organic-ground-organic-farming-under-covid-19\\\/\"},\"wordCount\":843,\"commentCount\":0,\"publisher\":{\"@id\":\"https:\\\/\\\/www.ccof.org\\\/#organization\"},\"articleSection\":[\"Foundation News\"],\"inLanguage\":\"es-MX\",\"potentialAction\":[{\"@type\":\"CommentAction\",\"name\":\"Comment\",\"target\":[\"http:\\\/\\\/www.ccof.org\\\/news\\\/whats-happening-on-the-organic-ground-organic-farming-under-covid-19\\\/#respond\"]}]},{\"@type\":\"WebPage\",\"@id\":\"http:\\\/\\\/www.ccof.org\\\/news\\\/whats-happening-on-the-organic-ground-organic-farming-under-covid-19\\\/\",\"url\":\"http:\\\/\\\/www.ccof.org\\\/news\\\/whats-happening-on-the-organic-ground-organic-farming-under-covid-19\\\/\",\"name\":\"What&#x2019;s Happening on the (Organic) Ground? Organic Farming Under COVID-19 - CCOF.org\",\"isPartOf\":{\"@id\":\"https:\\\/\\\/www.ccof.org\\\/#website\"},\"datePublished\":\"2020-06-29T23:07:06+00:00\",\"dateModified\":\"2024-04-23T21:06:21+00:00\",\"breadcrumb\":{\"@id\":\"http:\\\/\\\/www.ccof.org\\\/news\\\/whats-happening-on-the-organic-ground-organic-farming-under-covid-19\\\/#breadcrumb\"},\"inLanguage\":\"es-MX\",\"potentialAction\":[{\"@type\":\"ReadAction\",\"target\":[\"http:\\\/\\\/www.ccof.org\\\/news\\\/whats-happening-on-the-organic-ground-organic-farming-under-covid-19\\\/\"]}]},{\"@type\":\"BreadcrumbList\",\"@id\":\"http:\\\/\\\/www.ccof.org\\\/news\\\/whats-happening-on-the-organic-ground-organic-farming-under-covid-19\\\/#breadcrumb\",\"itemListElement\":[{\"@type\":\"ListItem\",\"position\":1,\"name\":\"Home\",\"item\":\"https:\\\/\\\/www.ccof.org\\\/\"},{\"@type\":\"ListItem\",\"position\":2,\"name\":\"What&#x2019;s Happening on the (Organic) Ground? Organic Farming Under COVID-19\"}]},{\"@type\":\"WebSite\",\"@id\":\"https:\\\/\\\/www.ccof.org\\\/#website\",\"url\":\"https:\\\/\\\/www.ccof.org\\\/\",\"name\":\"CCOF.org\",\"description\":\"Help make organic the norm!\",\"publisher\":{\"@id\":\"https:\\\/\\\/www.ccof.org\\\/#organization\"},\"potentialAction\":[{\"@type\":\"SearchAction\",\"target\":{\"@type\":\"EntryPoint\",\"urlTemplate\":\"https:\\\/\\\/www.ccof.org\\\/?s={search_term_string}\"},\"query-input\":{\"@type\":\"PropertyValueSpecification\",\"valueRequired\":true,\"valueName\":\"search_term_string\"}}],\"inLanguage\":\"es-MX\"},{\"@type\":\"Organization\",\"@id\":\"https:\\\/\\\/www.ccof.org\\\/#organization\",\"name\":\"CCOF.org\",\"url\":\"https:\\\/\\\/www.ccof.org\\\/\",\"logo\":{\"@type\":\"ImageObject\",\"inLanguage\":\"es-MX\",\"@id\":\"https:\\\/\\\/www.ccof.org\\\/#\\\/schema\\\/logo\\\/image\\\/\",\"url\":\"https:\\\/\\\/www.ccof.org\\\/wp-content\\\/uploads\\\/2024\\\/02\\\/ccof-logo.svg\",\"contentUrl\":\"https:\\\/\\\/www.ccof.org\\\/wp-content\\\/uploads\\\/2024\\\/02\\\/ccof-logo.svg\",\"width\":85,\"height\":111,\"caption\":\"CCOF.org\"},\"image\":{\"@id\":\"https:\\\/\\\/www.ccof.org\\\/#\\\/schema\\\/logo\\\/image\\\/\"},\"sameAs\":[\"https:\\\/\\\/www.facebook.com\\\/CCOForganic\",\"https:\\\/\\\/www.youtube.com\\\/c\\\/CCOForganic\",\"https:\\\/\\\/www.instagram.com\\\/ccoforganic\\\/\"]},{\"@type\":\"Person\",\"@id\":\"https:\\\/\\\/www.ccof.org\\\/#\\\/schema\\\/person\\\/5ccd134e7ab95678db6afcb521a44e07\",\"name\":\"admin\",\"image\":{\"@type\":\"ImageObject\",\"inLanguage\":\"es-MX\",\"@id\":\"https:\\\/\\\/secure.gravatar.com\\\/avatar\\\/01a869e9508babcb1c66b6b41356b4ef63d5326e5b27c38b27ed4a46b8e36b9f?s=96&d=mm&r=g\",\"url\":\"https:\\\/\\\/secure.gravatar.com\\\/avatar\\\/01a869e9508babcb1c66b6b41356b4ef63d5326e5b27c38b27ed4a46b8e36b9f?s=96&d=mm&r=g\",\"contentUrl\":\"https:\\\/\\\/secure.gravatar.com\\\/avatar\\\/01a869e9508babcb1c66b6b41356b4ef63d5326e5b27c38b27ed4a46b8e36b9f?s=96&d=mm&r=g\",\"caption\":\"admin\"},\"sameAs\":[\"http:\\\/\\\/www.ccof.org\\\/wp\"]}]}<\/script>\n<!-- \/ Yoast SEO plugin. -->","yoast_head_json":{"title":"\u00bfQu\u00e9 est\u00e1 ocurriendo sobre el terreno (ecol\u00f3gico)? Agricultura ecol\u00f3gica bajo COVID-19 - CCOF.org","robots":{"index":"index","follow":"follow","max-snippet":"max-snippet:-1","max-image-preview":"max-image-preview:large","max-video-preview":"max-video-preview:-1"},"canonical":"http:\/\/www.ccof.org\/es\/news\/whats-happening-on-the-organic-ground-organic-farming-under-covid-19\/","og_locale":"es_MX","og_type":"article","og_title":"What&#x2019;s Happening on the (Organic) Ground? Organic Farming Under COVID-19 - CCOF.org","og_description":"When COVID-19 struck, farmers were already facing significant challenges. Low prices combined with &hellip;","og_url":"http:\/\/www.ccof.org\/es\/news\/whats-happening-on-the-organic-ground-organic-farming-under-covid-19\/","og_site_name":"CCOF.org","article_publisher":"https:\/\/www.facebook.com\/CCOForganic","article_published_time":"2020-06-29T23:07:06+00:00","article_modified_time":"2024-04-23T21:06:21+00:00","author":"admin","twitter_card":"summary_large_image","twitter_misc":{"Written by":"admin","Est. reading time":"4 minutes"},"schema":{"@context":"https:\/\/schema.org","@graph":[{"@type":"Article","@id":"http:\/\/www.ccof.org\/news\/whats-happening-on-the-organic-ground-organic-farming-under-covid-19\/#article","isPartOf":{"@id":"http:\/\/www.ccof.org\/news\/whats-happening-on-the-organic-ground-organic-farming-under-covid-19\/"},"author":{"name":"admin","@id":"https:\/\/www.ccof.org\/#\/schema\/person\/5ccd134e7ab95678db6afcb521a44e07"},"headline":"What&#x2019;s Happening on the (Organic) Ground? Organic Farming Under COVID-19","datePublished":"2020-06-29T23:07:06+00:00","dateModified":"2024-04-23T21:06:21+00:00","mainEntityOfPage":{"@id":"http:\/\/www.ccof.org\/news\/whats-happening-on-the-organic-ground-organic-farming-under-covid-19\/"},"wordCount":843,"commentCount":0,"publisher":{"@id":"https:\/\/www.ccof.org\/#organization"},"articleSection":["Foundation News"],"inLanguage":"es-MX","potentialAction":[{"@type":"CommentAction","name":"Comment","target":["http:\/\/www.ccof.org\/news\/whats-happening-on-the-organic-ground-organic-farming-under-covid-19\/#respond"]}]},{"@type":"WebPage","@id":"http:\/\/www.ccof.org\/news\/whats-happening-on-the-organic-ground-organic-farming-under-covid-19\/","url":"http:\/\/www.ccof.org\/news\/whats-happening-on-the-organic-ground-organic-farming-under-covid-19\/","name":"\u00bfQu\u00e9 est\u00e1 ocurriendo sobre el terreno (ecol\u00f3gico)? Agricultura ecol\u00f3gica bajo COVID-19 - CCOF.org","isPartOf":{"@id":"https:\/\/www.ccof.org\/#website"},"datePublished":"2020-06-29T23:07:06+00:00","dateModified":"2024-04-23T21:06:21+00:00","breadcrumb":{"@id":"http:\/\/www.ccof.org\/news\/whats-happening-on-the-organic-ground-organic-farming-under-covid-19\/#breadcrumb"},"inLanguage":"es-MX","potentialAction":[{"@type":"ReadAction","target":["http:\/\/www.ccof.org\/news\/whats-happening-on-the-organic-ground-organic-farming-under-covid-19\/"]}]},{"@type":"BreadcrumbList","@id":"http:\/\/www.ccof.org\/news\/whats-happening-on-the-organic-ground-organic-farming-under-covid-19\/#breadcrumb","itemListElement":[{"@type":"ListItem","position":1,"name":"Home","item":"https:\/\/www.ccof.org\/"},{"@type":"ListItem","position":2,"name":"What&#x2019;s Happening on the (Organic) Ground? Organic Farming Under COVID-19"}]},{"@type":"WebSite","@id":"https:\/\/www.ccof.org\/#website","url":"https:\/\/www.ccof.org\/","name":"CCOF.org","description":"\u00a1Ayude a que lo org\u00e1nico sea la norma!","publisher":{"@id":"https:\/\/www.ccof.org\/#organization"},"potentialAction":[{"@type":"SearchAction","target":{"@type":"EntryPoint","urlTemplate":"https:\/\/www.ccof.org\/?s={search_term_string}"},"query-input":{"@type":"PropertyValueSpecification","valueRequired":true,"valueName":"search_term_string"}}],"inLanguage":"es-MX"},{"@type":"Organization","@id":"https:\/\/www.ccof.org\/#organization","name":"CCOF.org","url":"https:\/\/www.ccof.org\/","logo":{"@type":"ImageObject","inLanguage":"es-MX","@id":"https:\/\/www.ccof.org\/#\/schema\/logo\/image\/","url":"https:\/\/www.ccof.org\/wp-content\/uploads\/2024\/02\/ccof-logo.svg","contentUrl":"https:\/\/www.ccof.org\/wp-content\/uploads\/2024\/02\/ccof-logo.svg","width":85,"height":111,"caption":"CCOF.org"},"image":{"@id":"https:\/\/www.ccof.org\/#\/schema\/logo\/image\/"},"sameAs":["https:\/\/www.facebook.com\/CCOForganic","https:\/\/www.youtube.com\/c\/CCOForganic","https:\/\/www.instagram.com\/ccoforganic\/"]},{"@type":"Person","@id":"https:\/\/www.ccof.org\/#\/schema\/person\/5ccd134e7ab95678db6afcb521a44e07","name":"admin","image":{"@type":"ImageObject","inLanguage":"es-MX","@id":"https:\/\/secure.gravatar.com\/avatar\/01a869e9508babcb1c66b6b41356b4ef63d5326e5b27c38b27ed4a46b8e36b9f?s=96&d=mm&r=g","url":"https:\/\/secure.gravatar.com\/avatar\/01a869e9508babcb1c66b6b41356b4ef63d5326e5b27c38b27ed4a46b8e36b9f?s=96&d=mm&r=g","contentUrl":"https:\/\/secure.gravatar.com\/avatar\/01a869e9508babcb1c66b6b41356b4ef63d5326e5b27c38b27ed4a46b8e36b9f?s=96&d=mm&r=g","caption":"admin"},"sameAs":["http:\/\/www.ccof.org\/wp"]}]}},"_links":{"self":[{"href":"https:\/\/www.ccof.org\/es\/wp-json\/wp\/v2\/posts\/33145","targetHints":{"allow":["GET"]}}],"collection":[{"href":"https:\/\/www.ccof.org\/es\/wp-json\/wp\/v2\/posts"}],"about":[{"href":"https:\/\/www.ccof.org\/es\/wp-json\/wp\/v2\/types\/post"}],"author":[{"embeddable":true,"href":"https:\/\/www.ccof.org\/es\/wp-json\/wp\/v2\/users\/1"}],"replies":[{"embeddable":true,"href":"https:\/\/www.ccof.org\/es\/wp-json\/wp\/v2\/comments?post=33145"}],"version-history":[{"count":3,"href":"https:\/\/www.ccof.org\/es\/wp-json\/wp\/v2\/posts\/33145\/revisions"}],"predecessor-version":[{"id":40856,"href":"https:\/\/www.ccof.org\/es\/wp-json\/wp\/v2\/posts\/33145\/revisions\/40856"}],"wp:attachment":[{"href":"https:\/\/www.ccof.org\/es\/wp-json\/wp\/v2\/media?parent=33145"}],"wp:term":[{"taxonomy":"category","embeddable":true,"href":"https:\/\/www.ccof.org\/es\/wp-json\/wp\/v2\/categories?post=33145"}],"curies":[{"name":"wp","href":"https:\/\/api.w.org\/{rel}","templated":true}]}}