{"id":33368,"date":"2019-07-29T18:52:15","date_gmt":"2019-07-29T18:52:15","guid":{"rendered":"https:\/\/www.ccof.org\/where-are-they-now-frey-vineyards-after-the-2017-california-wildfires\/"},"modified":"2024-04-23T21:06:59","modified_gmt":"2024-04-23T21:06:59","slug":"where-are-they-now-frey-vineyards-after-the-2017-california-wildfires","status":"publish","type":"post","link":"https:\/\/www.ccof.org\/es\/news\/where-are-they-now-frey-vineyards-after-the-2017-california-wildfires\/","title":{"rendered":"D\u00f3nde est\u00e1n ahora? Los vi\u00f1edos Frey tras los incendios forestales de California de 2017"},"content":{"rendered":"<figure class=\"content-image\"><img loading=\"lazy\" decoding=\"async\" alt=\"Frey Vineyards 2019_katrina-frey_0\" data-entity-type=\"file\"       data-entity-uuid=\"4ee71398-6eef-4267-ab20-2ef8beeb6f4b\" height=\"478\"       src=\"http:\/\/live-ccof001.pantheonsite.io\/wp-content\/uploads\/2024\/04\/Frey-Vineyards-2019_katrina-frey_0.jpg\"       width=\"997\" \/><\/figure>\n<p>\"Tenemos suerte de estar vivos y de seguir en activo\", dice Katrina Frey, directora ejecutiva de la organizaci\u00f3n.\u00a0<a       href=\"http:\/\/www.freywine.com\/\">Vi\u00f1edos Frey<\/a>. Hace casi dos a\u00f1os, los vi\u00f1edos Frey fueron v\u00edctimas de los incendios forestales de California de 2017, los\u00a0<a       href=\"https:\/\/www.sacbee.com\/news\/state\/california\/fires\/article188377854.html\">el m\u00e1s caro<\/a>\u00a0en la historia del estado, con m\u00e1s de $9 mil millones de d\u00f3lares combinados en da\u00f1os reclamados y propiedades destruidas.\u00a0<\/p>\n<p>Los incendios arrasaron las hist\u00f3ricas oficinas de secuoya de Frey Vineyard, la sala de catas, la l\u00ednea de embotellado, la bodega de la vinoteca, los graneros, el taller de reparaci\u00f3n de maquinaria y los cobertizos de almacenamiento. \"Nuestro simp\u00e1tico reba\u00f1o de cabras pereci\u00f3\", junto con \"muchas gallinas y algunos animales dom\u00e9sticos que no pudieron ser encontrados durante la evacuaci\u00f3n de emergencia\", se\u00f1ala Katrina. Este podr\u00eda ser el aspecto m\u00e1s desgarrador de estos incendios catastr\u00f3ficos; muchas familias perdieron a sus compa\u00f1eros de cuatro patas adem\u00e1s de propiedades y posesiones\". Katrina indica otras p\u00e9rdidas. \"Frey perdi\u00f3 toda una hermosa cosecha sin cosechar de Cabernet Sauvignon, Syrah y Merlot por culpa del humo\". Diecinueve empleados de Frey perdieron sus casas. \"La mayor parte de las p\u00e9rdidas de Frey Vineyards afectaron a edificios y equipos. Tuvimos mucha suerte de que las 64 personas que dorm\u00edan en el rancho aquella noche consiguieran escapar por la carretera de monta\u00f1a que se convirti\u00f3 en tierra y cruz\u00f3 el lecho de siete arroyos.\" Frey conserv\u00f3 su almac\u00e9n met\u00e1lico lleno de vino embotellado, junto con los grandes dep\u00f3sitos de acero inoxidable encamisados que conten\u00edan los vinos blancos y Pinots de 2018, un peque\u00f1o resquicio de esperanza.\u00a0<\/p>\n<p>Frey nos cuenta que la reconstrucci\u00f3n comenz\u00f3 lo antes posible, pero las lluvias r\u00e9cord de la siguiente temporada de invierno de 2018, \"mantuvieron el suelo tan anegado que nunca se sec\u00f3 lo suficiente como para verter la losa de nuestras nuevas instalaciones hasta hace poco.\" El pasado mes de junio vertieron por primera vez la losa para reconstruir parte de las instalaciones de Frey Vineyards. Siempre optimista, Frey no duda en dar las gracias. \"Estamos agradecidos por toda la lluvia\".\u00a0<\/p>\n<figure class=\"content-image\"><img decoding=\"async\" alt=\"Frey       Vineyards 2019_singed-vines\" data-entity-type=\"file\"       data-entity-uuid=\"9b3c0b01-ea90-4e50-aafc-b7c1597600e4\"       src=\"http:\/\/live-ccof001.pantheonsite.io\/wp-content\/uploads\/2024\/04\/Frey-Vineyards-2019_singed-vines.jpg\"       \/><em>Vi\u00f1edos Frey Singed Vines<\/em><\/figure>\n<p>Mientras que la tierra seca era una rareza durante la reconstrucci\u00f3n, el negocio del vino rebosaba de apoyo comunitario. Tres bodegas locales se unieron para apoyar la reconstrucci\u00f3n de Frey, ayudando a que la cosecha de 2018 se desarrollara mucho mejor de lo previsto. Los viticultores org\u00e1nicos de Frey que se encontraban fuera de la l\u00ednea de fuego pudieron llevar sus uvas al\u00a0<a       href=\"https:\/\/www.barraofmendocino.com\/\">BARRA de Mendocino<\/a>,\u00a0<a       href=\"https:\/\/www.parducci.com\/\">Parducci<\/a>y tambi\u00e9n les\u00a0<a       href=\"https:\/\/www.fetzer.com\/\">Fetzer<\/a>\u00a0instalaciones. El marido de Frey y en\u00f3logo de Frey Vineyards, Paul, \"corri\u00f3 de una instalaci\u00f3n a otra para supervisar el manejo org\u00e1nico de la fruta. Estamos muy agradecidos a estas bodegas locales y queridos amigos que nos ayudaron a superarlo.\"\u00a0<\/p>\n<p>Cuando la Fundaci\u00f3n CCOF pregunt\u00f3 a Katrina Frey c\u00f3mo los agricultores org\u00e1nicos, productores y residentes de California pueden tomar medidas para mitigar la destrucci\u00f3n futura de los incendios, inundaciones y otros desastres naturales, su respuesta se hizo eco de lo que innumerables agricultores org\u00e1nicos y biodin\u00e1micos defienden hoy en d\u00eda: \"Todos sabemos que los suelos org\u00e1nicos ricos en humus son la protecci\u00f3n de la naturaleza tanto contra la sequ\u00eda como contra el exceso de precipitaciones. A nuestros vi\u00f1edos les fue bien tras los incendios y puede que incluso se beneficiaran de una adici\u00f3n de carbono al suelo\". Frey prosigue: \"Los incendios y las inundaciones forman parte de los ciclos de la naturaleza y conviene tomar precauciones de sentido com\u00fan. Si se encuentra en una zona sujeta a incendios forestales, es una gran idea fundar o unirse a un consejo de seguridad contra incendios e implicar a todos los miembros de la granja. Yo aconsejar\u00eda a todo el mundo que leyera sus p\u00f3lizas de seguro e intentara actualizarlas a los valores actuales. Tambi\u00e9n deber\u00edamos hacer todo lo posible por reducir nuestra huella de carbono para las generaciones futuras. Algunos de nuestros paneles solares sobrevivieron al incendio y esperamos instalarlos en nuestra nueva bodega con el objetivo final de tener 100% de energ\u00eda solar, con la posibilidad de adquirir energ\u00eda e\u00f3lica\".<\/p>\n<p>La respuesta de Frey invita a consumidores, responsables pol\u00edticos y agricultores a plantearse: \u00bfcu\u00e1les son los beneficios a largo plazo de la agricultura org\u00e1nica? Como se detalla en el informe de la Fundaci\u00f3n CCOF\u00a0<a       href=\"https:\/\/www.ccof.org\/es\/roadmap-organic-california\/\"><em>Hoja de ruta hacia una California org\u00e1nica: Informe de beneficios<\/em><\/a>Se ha comprobado que los suelos sanos y la biodiversidad aumentan la resistencia de las explotaciones a los fen\u00f3menos meteorol\u00f3gicos extremos. Y ahora que California se prepara para otra temporada de incendios, la resistencia ante las adversidades meteorol\u00f3gicas es inestimable para nuestro suministro local de alimentos.\u00a0<\/p>\n<p>No podemos cambiar el tiempo err\u00e1tico, pero podemos proteger nuestros suelos. Podemos apoyarnos unos a otros en tiempos dif\u00edciles. Y podemos elegir c\u00f3mo responder al mundo ante una p\u00e9rdida debilitante. Podemos seguir adelante, como Frey Vineyards, y continuar devolviendo a la comunidad, sabiendo que toda la energ\u00eda de nuestro planeta es compartida.\u00a0<\/p>\n<p>Dos a\u00f1os despu\u00e9s del incendio, los vi\u00f1edos Frey siguen apoyando generosamente a la Fundaci\u00f3n CCOF.\u00a0<a       href=\"https:\/\/www.ccof.org\/es\/ccof-foundation\/future-organic-farmer-grant-fund\/\">Fondo de subvenciones para futuros agricultores org\u00e1nicos<\/a>. Katrina Frey explica: \"Frey Vineyards sufri\u00f3 una gran p\u00e9rdida, pero seguimos en pie y vemos un futuro brillante. Ese futuro debe implicar a todos los agricultores org\u00e1nicos de nuestro pa\u00eds y depende de que la pr\u00f3xima generaci\u00f3n de agricultores suba de categor\u00eda y tenga \u00e9xito.\" Nuestro futuro com\u00fan es a\u00fan m\u00e1s prometedor gracias a empresas como Frey Vineyards.\u00a0<\/p>\n<p>La Fundaci\u00f3n CCOF agradece a Frey Vineyards la renovaci\u00f3n de su apoyo a la\u00a0<a       href=\"https:\/\/www.ccof.org\/es\/ccof-foundation\/future-organic-farmer-grant-fund\/\">Fondo de subvenciones para futuros agricultores org\u00e1nicos<\/a>\u00a0este a\u00f1o, lo que demuestra lo importante que es hacer todo lo posible para apoyar a la pr\u00f3xima generaci\u00f3n de agricultores y productores org\u00e1nicos en su entrada en el cambiante panorama de la agricultura en Estados Unidos.\u00a0<\/p>\n<figure class=\"content-image\"><\/figure>","protected":false},"excerpt":{"rendered":"<p>\"Tenemos suerte de estar vivos y de seguir en activo\", afirma ...<\/p>","protected":false},"author":1,"featured_media":34284,"comment_status":"open","ping_status":"open","sticky":false,"template":"","format":"standard","meta":{"_acf_changed":false,"_relevanssi_hide_post":"","_relevanssi_hide_content":"","_relevanssi_pin_for_all":"","_relevanssi_pin_keywords":"","_relevanssi_unpin_keywords":"","_relevanssi_related_keywords":"","_relevanssi_related_include_ids":"","_relevanssi_related_exclude_ids":"","_relevanssi_related_no_append":"","_relevanssi_related_not_related":"","_relevanssi_related_posts":"","_relevanssi_noindex_reason":"","footnotes":""},"categories":[111],"class_list":["post-33368","post","type-post","status-publish","format-standard","has-post-thumbnail","hentry","category-foundation-news","language-english","foundation_topics-education"],"acf":[],"yoast_head":"<!-- This site is optimized with the Yoast SEO plugin v27.3 - https:\/\/yoast.com\/product\/yoast-seo-wordpress\/ -->\n<title>Where Are They Now? Frey Vineyards After the 2017 California Wildfires - CCOF.org<\/title>\n<meta name=\"robots\" content=\"index, follow, max-snippet:-1, max-image-preview:large, max-video-preview:-1\" \/>\n<link rel=\"canonical\" href=\"http:\/\/www.ccof.org\/es\/news\/where-are-they-now-frey-vineyards-after-the-2017-california-wildfires\/\" \/>\n<meta property=\"og:locale\" content=\"es_MX\" \/>\n<meta property=\"og:type\" content=\"article\" \/>\n<meta property=\"og:title\" content=\"Where Are They Now? Frey Vineyards After the 2017 California Wildfires - CCOF.org\" \/>\n<meta property=\"og:description\" content=\"\u201cWe are lucky to be alive, and to still be in business,\u201d says &hellip;\" \/>\n<meta property=\"og:url\" content=\"http:\/\/www.ccof.org\/es\/news\/where-are-they-now-frey-vineyards-after-the-2017-california-wildfires\/\" \/>\n<meta property=\"og:site_name\" content=\"CCOF.org\" \/>\n<meta property=\"article:publisher\" content=\"https:\/\/www.facebook.com\/CCOForganic\" \/>\n<meta property=\"article:published_time\" content=\"2019-07-29T18:52:15+00:00\" \/>\n<meta property=\"article:modified_time\" content=\"2024-04-23T21:06:59+00:00\" \/>\n<meta property=\"og:image\" content=\"http:\/\/www.ccof.org\/wp-content\/uploads\/2024\/04\/Frey-Vineyards-2019_katrina-frey_0.jpg\" \/>\n\t<meta property=\"og:image:width\" content=\"665\" \/>\n\t<meta property=\"og:image:height\" content=\"319\" \/>\n\t<meta property=\"og:image:type\" content=\"image\/jpeg\" \/>\n<meta name=\"author\" content=\"admin\" \/>\n<meta name=\"twitter:card\" content=\"summary_large_image\" \/>\n<meta name=\"twitter:label1\" content=\"Written by\" \/>\n\t<meta name=\"twitter:data1\" content=\"admin\" \/>\n\t<meta name=\"twitter:label2\" content=\"Est. reading time\" \/>\n\t<meta name=\"twitter:data2\" content=\"4 minutes\" \/>\n<script type=\"application\/ld+json\" class=\"yoast-schema-graph\">{\"@context\":\"https:\\\/\\\/schema.org\",\"@graph\":[{\"@type\":\"Article\",\"@id\":\"http:\\\/\\\/www.ccof.org\\\/es\\\/news\\\/where-are-they-now-frey-vineyards-after-the-2017-california-wildfires\\\/#article\",\"isPartOf\":{\"@id\":\"http:\\\/\\\/www.ccof.org\\\/es\\\/news\\\/where-are-they-now-frey-vineyards-after-the-2017-california-wildfires\\\/\"},\"author\":{\"name\":\"admin\",\"@id\":\"https:\\\/\\\/www.ccof.org\\\/#\\\/schema\\\/person\\\/5ccd134e7ab95678db6afcb521a44e07\"},\"headline\":\"Where Are They Now? Frey Vineyards After the 2017 California Wildfires\",\"datePublished\":\"2019-07-29T18:52:15+00:00\",\"dateModified\":\"2024-04-23T21:06:59+00:00\",\"mainEntityOfPage\":{\"@id\":\"http:\\\/\\\/www.ccof.org\\\/es\\\/news\\\/where-are-they-now-frey-vineyards-after-the-2017-california-wildfires\\\/\"},\"wordCount\":865,\"commentCount\":0,\"publisher\":{\"@id\":\"https:\\\/\\\/www.ccof.org\\\/#organization\"},\"image\":{\"@id\":\"http:\\\/\\\/www.ccof.org\\\/es\\\/news\\\/where-are-they-now-frey-vineyards-after-the-2017-california-wildfires\\\/#primaryimage\"},\"thumbnailUrl\":\"https:\\\/\\\/www.ccof.org\\\/wp-content\\\/uploads\\\/2024\\\/04\\\/Frey-Vineyards-2019_katrina-frey_0.jpg\",\"articleSection\":[\"Foundation News\"],\"inLanguage\":\"es-MX\",\"potentialAction\":[{\"@type\":\"CommentAction\",\"name\":\"Comment\",\"target\":[\"http:\\\/\\\/www.ccof.org\\\/es\\\/news\\\/where-are-they-now-frey-vineyards-after-the-2017-california-wildfires\\\/#respond\"]}]},{\"@type\":\"WebPage\",\"@id\":\"http:\\\/\\\/www.ccof.org\\\/es\\\/news\\\/where-are-they-now-frey-vineyards-after-the-2017-california-wildfires\\\/\",\"url\":\"http:\\\/\\\/www.ccof.org\\\/es\\\/news\\\/where-are-they-now-frey-vineyards-after-the-2017-california-wildfires\\\/\",\"name\":\"Where Are They Now? Frey Vineyards After the 2017 California Wildfires - CCOF.org\",\"isPartOf\":{\"@id\":\"https:\\\/\\\/www.ccof.org\\\/#website\"},\"primaryImageOfPage\":{\"@id\":\"http:\\\/\\\/www.ccof.org\\\/es\\\/news\\\/where-are-they-now-frey-vineyards-after-the-2017-california-wildfires\\\/#primaryimage\"},\"image\":{\"@id\":\"http:\\\/\\\/www.ccof.org\\\/es\\\/news\\\/where-are-they-now-frey-vineyards-after-the-2017-california-wildfires\\\/#primaryimage\"},\"thumbnailUrl\":\"https:\\\/\\\/www.ccof.org\\\/wp-content\\\/uploads\\\/2024\\\/04\\\/Frey-Vineyards-2019_katrina-frey_0.jpg\",\"datePublished\":\"2019-07-29T18:52:15+00:00\",\"dateModified\":\"2024-04-23T21:06:59+00:00\",\"breadcrumb\":{\"@id\":\"http:\\\/\\\/www.ccof.org\\\/es\\\/news\\\/where-are-they-now-frey-vineyards-after-the-2017-california-wildfires\\\/#breadcrumb\"},\"inLanguage\":\"es-MX\",\"potentialAction\":[{\"@type\":\"ReadAction\",\"target\":[\"http:\\\/\\\/www.ccof.org\\\/es\\\/news\\\/where-are-they-now-frey-vineyards-after-the-2017-california-wildfires\\\/\"]}]},{\"@type\":\"ImageObject\",\"inLanguage\":\"es-MX\",\"@id\":\"http:\\\/\\\/www.ccof.org\\\/es\\\/news\\\/where-are-they-now-frey-vineyards-after-the-2017-california-wildfires\\\/#primaryimage\",\"url\":\"https:\\\/\\\/www.ccof.org\\\/wp-content\\\/uploads\\\/2024\\\/04\\\/Frey-Vineyards-2019_katrina-frey_0.jpg\",\"contentUrl\":\"https:\\\/\\\/www.ccof.org\\\/wp-content\\\/uploads\\\/2024\\\/04\\\/Frey-Vineyards-2019_katrina-frey_0.jpg\",\"width\":665,\"height\":319},{\"@type\":\"BreadcrumbList\",\"@id\":\"http:\\\/\\\/www.ccof.org\\\/es\\\/news\\\/where-are-they-now-frey-vineyards-after-the-2017-california-wildfires\\\/#breadcrumb\",\"itemListElement\":[{\"@type\":\"ListItem\",\"position\":1,\"name\":\"Home\",\"item\":\"https:\\\/\\\/www.ccof.org\\\/\"},{\"@type\":\"ListItem\",\"position\":2,\"name\":\"Where Are They Now? Frey Vineyards After the 2017 California Wildfires\"}]},{\"@type\":\"WebSite\",\"@id\":\"https:\\\/\\\/www.ccof.org\\\/#website\",\"url\":\"https:\\\/\\\/www.ccof.org\\\/\",\"name\":\"CCOF.org\",\"description\":\"Help make organic the norm!\",\"publisher\":{\"@id\":\"https:\\\/\\\/www.ccof.org\\\/#organization\"},\"potentialAction\":[{\"@type\":\"SearchAction\",\"target\":{\"@type\":\"EntryPoint\",\"urlTemplate\":\"https:\\\/\\\/www.ccof.org\\\/?s={search_term_string}\"},\"query-input\":{\"@type\":\"PropertyValueSpecification\",\"valueRequired\":true,\"valueName\":\"search_term_string\"}}],\"inLanguage\":\"es-MX\"},{\"@type\":\"Organization\",\"@id\":\"https:\\\/\\\/www.ccof.org\\\/#organization\",\"name\":\"CCOF.org\",\"url\":\"https:\\\/\\\/www.ccof.org\\\/\",\"logo\":{\"@type\":\"ImageObject\",\"inLanguage\":\"es-MX\",\"@id\":\"https:\\\/\\\/www.ccof.org\\\/#\\\/schema\\\/logo\\\/image\\\/\",\"url\":\"https:\\\/\\\/www.ccof.org\\\/wp-content\\\/uploads\\\/2024\\\/02\\\/ccof-logo.svg\",\"contentUrl\":\"https:\\\/\\\/www.ccof.org\\\/wp-content\\\/uploads\\\/2024\\\/02\\\/ccof-logo.svg\",\"width\":85,\"height\":111,\"caption\":\"CCOF.org\"},\"image\":{\"@id\":\"https:\\\/\\\/www.ccof.org\\\/#\\\/schema\\\/logo\\\/image\\\/\"},\"sameAs\":[\"https:\\\/\\\/www.facebook.com\\\/CCOForganic\",\"https:\\\/\\\/www.youtube.com\\\/c\\\/CCOForganic\",\"https:\\\/\\\/www.instagram.com\\\/ccoforganic\\\/\"]},{\"@type\":\"Person\",\"@id\":\"https:\\\/\\\/www.ccof.org\\\/#\\\/schema\\\/person\\\/5ccd134e7ab95678db6afcb521a44e07\",\"name\":\"admin\",\"image\":{\"@type\":\"ImageObject\",\"inLanguage\":\"es-MX\",\"@id\":\"https:\\\/\\\/secure.gravatar.com\\\/avatar\\\/01a869e9508babcb1c66b6b41356b4ef63d5326e5b27c38b27ed4a46b8e36b9f?s=96&d=mm&r=g\",\"url\":\"https:\\\/\\\/secure.gravatar.com\\\/avatar\\\/01a869e9508babcb1c66b6b41356b4ef63d5326e5b27c38b27ed4a46b8e36b9f?s=96&d=mm&r=g\",\"contentUrl\":\"https:\\\/\\\/secure.gravatar.com\\\/avatar\\\/01a869e9508babcb1c66b6b41356b4ef63d5326e5b27c38b27ed4a46b8e36b9f?s=96&d=mm&r=g\",\"caption\":\"admin\"},\"sameAs\":[\"http:\\\/\\\/www.ccof.org\\\/wp\"]}]}<\/script>\n<!-- \/ Yoast SEO plugin. -->","yoast_head_json":{"title":"\u00bfD\u00f3nde est\u00e1n ahora? Los vi\u00f1edos Frey tras los incendios forestales de California de 2017 - CCOF.org","robots":{"index":"index","follow":"follow","max-snippet":"max-snippet:-1","max-image-preview":"max-image-preview:large","max-video-preview":"max-video-preview:-1"},"canonical":"http:\/\/www.ccof.org\/es\/news\/where-are-they-now-frey-vineyards-after-the-2017-california-wildfires\/","og_locale":"es_MX","og_type":"article","og_title":"Where Are They Now? Frey Vineyards After the 2017 California Wildfires - CCOF.org","og_description":"\u201cWe are lucky to be alive, and to still be in business,\u201d says &hellip;","og_url":"http:\/\/www.ccof.org\/es\/news\/where-are-they-now-frey-vineyards-after-the-2017-california-wildfires\/","og_site_name":"CCOF.org","article_publisher":"https:\/\/www.facebook.com\/CCOForganic","article_published_time":"2019-07-29T18:52:15+00:00","article_modified_time":"2024-04-23T21:06:59+00:00","og_image":[{"width":665,"height":319,"url":"http:\/\/www.ccof.org\/wp-content\/uploads\/2024\/04\/Frey-Vineyards-2019_katrina-frey_0.jpg","type":"image\/jpeg"}],"author":"admin","twitter_card":"summary_large_image","twitter_misc":{"Written by":"admin","Est. reading time":"4 minutes"},"schema":{"@context":"https:\/\/schema.org","@graph":[{"@type":"Article","@id":"http:\/\/www.ccof.org\/es\/news\/where-are-they-now-frey-vineyards-after-the-2017-california-wildfires\/#article","isPartOf":{"@id":"http:\/\/www.ccof.org\/es\/news\/where-are-they-now-frey-vineyards-after-the-2017-california-wildfires\/"},"author":{"name":"admin","@id":"https:\/\/www.ccof.org\/#\/schema\/person\/5ccd134e7ab95678db6afcb521a44e07"},"headline":"Where Are They Now? Frey Vineyards After the 2017 California Wildfires","datePublished":"2019-07-29T18:52:15+00:00","dateModified":"2024-04-23T21:06:59+00:00","mainEntityOfPage":{"@id":"http:\/\/www.ccof.org\/es\/news\/where-are-they-now-frey-vineyards-after-the-2017-california-wildfires\/"},"wordCount":865,"commentCount":0,"publisher":{"@id":"https:\/\/www.ccof.org\/#organization"},"image":{"@id":"http:\/\/www.ccof.org\/es\/news\/where-are-they-now-frey-vineyards-after-the-2017-california-wildfires\/#primaryimage"},"thumbnailUrl":"https:\/\/www.ccof.org\/wp-content\/uploads\/2024\/04\/Frey-Vineyards-2019_katrina-frey_0.jpg","articleSection":["Foundation News"],"inLanguage":"es-MX","potentialAction":[{"@type":"CommentAction","name":"Comment","target":["http:\/\/www.ccof.org\/es\/news\/where-are-they-now-frey-vineyards-after-the-2017-california-wildfires\/#respond"]}]},{"@type":"WebPage","@id":"http:\/\/www.ccof.org\/es\/news\/where-are-they-now-frey-vineyards-after-the-2017-california-wildfires\/","url":"http:\/\/www.ccof.org\/es\/news\/where-are-they-now-frey-vineyards-after-the-2017-california-wildfires\/","name":"\u00bfD\u00f3nde est\u00e1n ahora? Los vi\u00f1edos Frey tras los incendios forestales de California de 2017 - CCOF.org","isPartOf":{"@id":"https:\/\/www.ccof.org\/#website"},"primaryImageOfPage":{"@id":"http:\/\/www.ccof.org\/es\/news\/where-are-they-now-frey-vineyards-after-the-2017-california-wildfires\/#primaryimage"},"image":{"@id":"http:\/\/www.ccof.org\/es\/news\/where-are-they-now-frey-vineyards-after-the-2017-california-wildfires\/#primaryimage"},"thumbnailUrl":"https:\/\/www.ccof.org\/wp-content\/uploads\/2024\/04\/Frey-Vineyards-2019_katrina-frey_0.jpg","datePublished":"2019-07-29T18:52:15+00:00","dateModified":"2024-04-23T21:06:59+00:00","breadcrumb":{"@id":"http:\/\/www.ccof.org\/es\/news\/where-are-they-now-frey-vineyards-after-the-2017-california-wildfires\/#breadcrumb"},"inLanguage":"es-MX","potentialAction":[{"@type":"ReadAction","target":["http:\/\/www.ccof.org\/es\/news\/where-are-they-now-frey-vineyards-after-the-2017-california-wildfires\/"]}]},{"@type":"ImageObject","inLanguage":"es-MX","@id":"http:\/\/www.ccof.org\/es\/news\/where-are-they-now-frey-vineyards-after-the-2017-california-wildfires\/#primaryimage","url":"https:\/\/www.ccof.org\/wp-content\/uploads\/2024\/04\/Frey-Vineyards-2019_katrina-frey_0.jpg","contentUrl":"https:\/\/www.ccof.org\/wp-content\/uploads\/2024\/04\/Frey-Vineyards-2019_katrina-frey_0.jpg","width":665,"height":319},{"@type":"BreadcrumbList","@id":"http:\/\/www.ccof.org\/es\/news\/where-are-they-now-frey-vineyards-after-the-2017-california-wildfires\/#breadcrumb","itemListElement":[{"@type":"ListItem","position":1,"name":"Home","item":"https:\/\/www.ccof.org\/"},{"@type":"ListItem","position":2,"name":"Where Are They Now? Frey Vineyards After the 2017 California Wildfires"}]},{"@type":"WebSite","@id":"https:\/\/www.ccof.org\/#website","url":"https:\/\/www.ccof.org\/","name":"CCOF.org","description":"\u00a1Ayude a que lo org\u00e1nico sea la norma!","publisher":{"@id":"https:\/\/www.ccof.org\/#organization"},"potentialAction":[{"@type":"SearchAction","target":{"@type":"EntryPoint","urlTemplate":"https:\/\/www.ccof.org\/?s={search_term_string}"},"query-input":{"@type":"PropertyValueSpecification","valueRequired":true,"valueName":"search_term_string"}}],"inLanguage":"es-MX"},{"@type":"Organization","@id":"https:\/\/www.ccof.org\/#organization","name":"CCOF.org","url":"https:\/\/www.ccof.org\/","logo":{"@type":"ImageObject","inLanguage":"es-MX","@id":"https:\/\/www.ccof.org\/#\/schema\/logo\/image\/","url":"https:\/\/www.ccof.org\/wp-content\/uploads\/2024\/02\/ccof-logo.svg","contentUrl":"https:\/\/www.ccof.org\/wp-content\/uploads\/2024\/02\/ccof-logo.svg","width":85,"height":111,"caption":"CCOF.org"},"image":{"@id":"https:\/\/www.ccof.org\/#\/schema\/logo\/image\/"},"sameAs":["https:\/\/www.facebook.com\/CCOForganic","https:\/\/www.youtube.com\/c\/CCOForganic","https:\/\/www.instagram.com\/ccoforganic\/"]},{"@type":"Person","@id":"https:\/\/www.ccof.org\/#\/schema\/person\/5ccd134e7ab95678db6afcb521a44e07","name":"admin","image":{"@type":"ImageObject","inLanguage":"es-MX","@id":"https:\/\/secure.gravatar.com\/avatar\/01a869e9508babcb1c66b6b41356b4ef63d5326e5b27c38b27ed4a46b8e36b9f?s=96&d=mm&r=g","url":"https:\/\/secure.gravatar.com\/avatar\/01a869e9508babcb1c66b6b41356b4ef63d5326e5b27c38b27ed4a46b8e36b9f?s=96&d=mm&r=g","contentUrl":"https:\/\/secure.gravatar.com\/avatar\/01a869e9508babcb1c66b6b41356b4ef63d5326e5b27c38b27ed4a46b8e36b9f?s=96&d=mm&r=g","caption":"admin"},"sameAs":["http:\/\/www.ccof.org\/wp"]}]}},"_links":{"self":[{"href":"https:\/\/www.ccof.org\/es\/wp-json\/wp\/v2\/posts\/33368","targetHints":{"allow":["GET"]}}],"collection":[{"href":"https:\/\/www.ccof.org\/es\/wp-json\/wp\/v2\/posts"}],"about":[{"href":"https:\/\/www.ccof.org\/es\/wp-json\/wp\/v2\/types\/post"}],"author":[{"embeddable":true,"href":"https:\/\/www.ccof.org\/es\/wp-json\/wp\/v2\/users\/1"}],"replies":[{"embeddable":true,"href":"https:\/\/www.ccof.org\/es\/wp-json\/wp\/v2\/comments?post=33368"}],"version-history":[{"count":3,"href":"https:\/\/www.ccof.org\/es\/wp-json\/wp\/v2\/posts\/33368\/revisions"}],"predecessor-version":[{"id":40900,"href":"https:\/\/www.ccof.org\/es\/wp-json\/wp\/v2\/posts\/33368\/revisions\/40900"}],"wp:featuredmedia":[{"embeddable":true,"href":"https:\/\/www.ccof.org\/es\/wp-json\/wp\/v2\/media\/34284"}],"wp:attachment":[{"href":"https:\/\/www.ccof.org\/es\/wp-json\/wp\/v2\/media?parent=33368"}],"wp:term":[{"taxonomy":"category","embeddable":true,"href":"https:\/\/www.ccof.org\/es\/wp-json\/wp\/v2\/categories?post=33368"}],"curies":[{"name":"wp","href":"https:\/\/api.w.org\/{rel}","templated":true}]}}