{"id":33559,"date":"2021-03-15T17:04:30","date_gmt":"2021-03-15T17:04:30","guid":{"rendered":"https:\/\/www.ccof.org\/food-and-agricultural-workers-now-eligible-for-covid-vaccine-in-california-and-other-states\/"},"modified":"2024-04-23T21:07:43","modified_gmt":"2024-04-23T21:07:43","slug":"food-and-agricultural-workers-now-eligible-for-covid-vaccine-in-california-and-other-states","status":"publish","type":"post","link":"https:\/\/www.ccof.org\/es\/news\/food-and-agricultural-workers-now-eligible-for-covid-vaccine-in-california-and-other-states\/","title":{"rendered":"Los trabajadores de la alimentaci\u00f3n y la agricultura ya pueden vacunarse contra la COVID en California y otros estados\n      Estados"},"content":{"rendered":"<p>Aunque los Centros para el Control y la Prevenci\u00f3n de Enfermedades (CDC) recomiendan dar prioridad a los trabajadores del sector alimentario y agr\u00edcola para que reciban la vacuna COVID-19 situ\u00e1ndolos en el nivel de elegibilidad de la fase 1B, los estados var\u00edan a la hora de dar prioridad a estos trabajadores.<\/p>\n<p>Seg\u00fan <a       href=\"https:\/\/www.insurancejournal.com\/news\/national\/2021\/03\/03\/603445.htm\">un art\u00edculo en el <em>Revista de seguros<\/em><\/a>Algunos Estados est\u00e1n dando prioridad a los ancianos y a otros trabajadores esenciales sobre los trabajadores de la alimentaci\u00f3n y la agricultura.<\/p>\n<p>Para obtener informaci\u00f3n sobre la disponibilidad de vacunas en su estado, visite <a       href=\"https:\/\/www.cdc.gov\/coronavirus\/2019-ncov\/vaccines\/index.html\">P\u00e1gina web de los CDC sobre la vacuna COVID-19<\/a> y seleccione su estado en la casilla \"\u00bfC\u00f3mo me vacuno?\". Para obtener informaci\u00f3n sobre las vacunas en California, visite <a       href=\"https:\/\/covid19.ca.gov\/vaccines\/\">P\u00e1gina web sobre vacunas de California<\/a>.<\/p>\n<p>Desde que California entr\u00f3 en la fase 1B de elegibilidad de vacunas a finales de febrero, algunas granjas han organizado cl\u00ednicas de vacunaci\u00f3n para sus trabajadores, y algunos condados han puesto vacunas a disposici\u00f3n a trav\u00e9s de cl\u00ednicas m\u00f3viles y sitios de vacunaci\u00f3n de la comunidad. Sin embargo, un <a       href=\"https:\/\/calmatters.org\/health\/coronavirus\/2021\/03\/california-farmworkers-vaccine-obstacles\/\">reciente art\u00edculo de Cal Matters<\/a> informa de que la demanda de vacunas para los trabajadores agr\u00edcolas supera actualmente la oferta. Este cuello de botella podr\u00eda resolverse a finales de marzo, cuando se espera que los fabricantes de vacunas env\u00eden millones de dosis a todo el pa\u00eds.<\/p>\n<p>Recursos adicionales:<\/p>\n<p><a       href=\"https:\/\/www.cdc.gov\/coronavirus\/2019-ncov\/community\/guidance-agricultural-workers.html\">Orientaci\u00f3n de los CDC para trabajadores agr\u00edcolas y empleadores<\/a><\/p>\n<p>L\u00edderes Campesinas <a       href=\"http:\/\/www.liderescampesinas.org\/corona-virus\/\">Apoyo e Informaci\u00f3n sobre Coronavirus (COVID-19)<\/a> (Espec\u00edfico de California)<\/p>\n<figure class=\"content-image\"><\/figure>","protected":false},"excerpt":{"rendered":"<p>Aunque los Centros para el Control y la Prevenci\u00f3n de Enfermedades (CDC) recomiendan dar prioridad ...<\/p>","protected":false},"author":1,"featured_media":0,"comment_status":"open","ping_status":"open","sticky":false,"template":"","format":"standard","meta":{"_acf_changed":false,"_relevanssi_hide_post":"","_relevanssi_hide_content":"","_relevanssi_pin_for_all":"","_relevanssi_pin_keywords":"","_relevanssi_unpin_keywords":"","_relevanssi_related_keywords":"","_relevanssi_related_include_ids":"","_relevanssi_related_exclude_ids":"","_relevanssi_related_no_append":"","_relevanssi_related_not_related":"","_relevanssi_related_posts":"","_relevanssi_noindex_reason":"","footnotes":""},"categories":[111],"class_list":["post-33559","post","type-post","status-publish","format-standard","hentry","category-foundation-news","language-english","foundation_topics-grants"],"acf":[],"yoast_head":"<!-- This site is optimized with the Yoast SEO plugin v27.3 - https:\/\/yoast.com\/product\/yoast-seo-wordpress\/ -->\n<title>Food and Agricultural Workers Now Eligible for COVID Vaccine in California and Other    States - CCOF.org<\/title>\n<meta name=\"robots\" content=\"index, follow, max-snippet:-1, max-image-preview:large, max-video-preview:-1\" \/>\n<link rel=\"canonical\" href=\"https:\/\/www.ccof.org\/es\/news\/food-and-agricultural-workers-now-eligible-for-covid-vaccine-in-california-and-other-states\/\" \/>\n<meta property=\"og:locale\" content=\"es_MX\" \/>\n<meta property=\"og:type\" content=\"article\" \/>\n<meta property=\"og:title\" content=\"Food and Agricultural Workers Now Eligible for COVID Vaccine in California and Other    States - CCOF.org\" \/>\n<meta property=\"og:description\" content=\"Though the federal Centers for Disease Control (CDC) recommends prioritizing food and agricultural &hellip;\" \/>\n<meta property=\"og:url\" content=\"https:\/\/www.ccof.org\/es\/news\/food-and-agricultural-workers-now-eligible-for-covid-vaccine-in-california-and-other-states\/\" \/>\n<meta property=\"og:site_name\" content=\"CCOF.org\" \/>\n<meta property=\"article:publisher\" content=\"https:\/\/www.facebook.com\/CCOForganic\" \/>\n<meta property=\"article:published_time\" content=\"2021-03-15T17:04:30+00:00\" \/>\n<meta property=\"article:modified_time\" content=\"2024-04-23T21:07:43+00:00\" \/>\n<meta name=\"author\" content=\"admin\" \/>\n<meta name=\"twitter:card\" content=\"summary_large_image\" \/>\n<meta name=\"twitter:label1\" content=\"Written by\" \/>\n\t<meta name=\"twitter:data1\" content=\"admin\" \/>\n\t<meta name=\"twitter:label2\" content=\"Est. reading time\" \/>\n\t<meta name=\"twitter:data2\" content=\"1 minute\" \/>\n<script type=\"application\/ld+json\" class=\"yoast-schema-graph\">{\"@context\":\"https:\\\/\\\/schema.org\",\"@graph\":[{\"@type\":\"Article\",\"@id\":\"https:\\\/\\\/www.ccof.org\\\/es\\\/news\\\/food-and-agricultural-workers-now-eligible-for-covid-vaccine-in-california-and-other-states\\\/#article\",\"isPartOf\":{\"@id\":\"https:\\\/\\\/www.ccof.org\\\/es\\\/news\\\/food-and-agricultural-workers-now-eligible-for-covid-vaccine-in-california-and-other-states\\\/\"},\"author\":{\"name\":\"admin\",\"@id\":\"https:\\\/\\\/www.ccof.org\\\/#\\\/schema\\\/person\\\/5ccd134e7ab95678db6afcb521a44e07\"},\"headline\":\"Food and Agricultural Workers Now Eligible for COVID Vaccine in California and Other States\",\"datePublished\":\"2021-03-15T17:04:30+00:00\",\"dateModified\":\"2024-04-23T21:07:43+00:00\",\"mainEntityOfPage\":{\"@id\":\"https:\\\/\\\/www.ccof.org\\\/es\\\/news\\\/food-and-agricultural-workers-now-eligible-for-covid-vaccine-in-california-and-other-states\\\/\"},\"wordCount\":202,\"commentCount\":0,\"publisher\":{\"@id\":\"https:\\\/\\\/www.ccof.org\\\/#organization\"},\"articleSection\":[\"Foundation News\"],\"inLanguage\":\"es-MX\",\"potentialAction\":[{\"@type\":\"CommentAction\",\"name\":\"Comment\",\"target\":[\"https:\\\/\\\/www.ccof.org\\\/es\\\/news\\\/food-and-agricultural-workers-now-eligible-for-covid-vaccine-in-california-and-other-states\\\/#respond\"]}]},{\"@type\":\"WebPage\",\"@id\":\"https:\\\/\\\/www.ccof.org\\\/es\\\/news\\\/food-and-agricultural-workers-now-eligible-for-covid-vaccine-in-california-and-other-states\\\/\",\"url\":\"https:\\\/\\\/www.ccof.org\\\/es\\\/news\\\/food-and-agricultural-workers-now-eligible-for-covid-vaccine-in-california-and-other-states\\\/\",\"name\":\"Food and Agricultural Workers Now Eligible for COVID Vaccine in California and Other States - CCOF.org\",\"isPartOf\":{\"@id\":\"https:\\\/\\\/www.ccof.org\\\/#website\"},\"datePublished\":\"2021-03-15T17:04:30+00:00\",\"dateModified\":\"2024-04-23T21:07:43+00:00\",\"breadcrumb\":{\"@id\":\"https:\\\/\\\/www.ccof.org\\\/es\\\/news\\\/food-and-agricultural-workers-now-eligible-for-covid-vaccine-in-california-and-other-states\\\/#breadcrumb\"},\"inLanguage\":\"es-MX\",\"potentialAction\":[{\"@type\":\"ReadAction\",\"target\":[\"https:\\\/\\\/www.ccof.org\\\/es\\\/news\\\/food-and-agricultural-workers-now-eligible-for-covid-vaccine-in-california-and-other-states\\\/\"]}]},{\"@type\":\"BreadcrumbList\",\"@id\":\"https:\\\/\\\/www.ccof.org\\\/es\\\/news\\\/food-and-agricultural-workers-now-eligible-for-covid-vaccine-in-california-and-other-states\\\/#breadcrumb\",\"itemListElement\":[{\"@type\":\"ListItem\",\"position\":1,\"name\":\"Home\",\"item\":\"https:\\\/\\\/www.ccof.org\\\/\"},{\"@type\":\"ListItem\",\"position\":2,\"name\":\"Food and Agricultural Workers Now Eligible for COVID Vaccine in California and Other States\"}]},{\"@type\":\"WebSite\",\"@id\":\"https:\\\/\\\/www.ccof.org\\\/#website\",\"url\":\"https:\\\/\\\/www.ccof.org\\\/\",\"name\":\"CCOF.org\",\"description\":\"Help make organic the norm!\",\"publisher\":{\"@id\":\"https:\\\/\\\/www.ccof.org\\\/#organization\"},\"potentialAction\":[{\"@type\":\"SearchAction\",\"target\":{\"@type\":\"EntryPoint\",\"urlTemplate\":\"https:\\\/\\\/www.ccof.org\\\/?s={search_term_string}\"},\"query-input\":{\"@type\":\"PropertyValueSpecification\",\"valueRequired\":true,\"valueName\":\"search_term_string\"}}],\"inLanguage\":\"es-MX\"},{\"@type\":\"Organization\",\"@id\":\"https:\\\/\\\/www.ccof.org\\\/#organization\",\"name\":\"CCOF.org\",\"url\":\"https:\\\/\\\/www.ccof.org\\\/\",\"logo\":{\"@type\":\"ImageObject\",\"inLanguage\":\"es-MX\",\"@id\":\"https:\\\/\\\/www.ccof.org\\\/#\\\/schema\\\/logo\\\/image\\\/\",\"url\":\"https:\\\/\\\/www.ccof.org\\\/wp-content\\\/uploads\\\/2024\\\/02\\\/ccof-logo.svg\",\"contentUrl\":\"https:\\\/\\\/www.ccof.org\\\/wp-content\\\/uploads\\\/2024\\\/02\\\/ccof-logo.svg\",\"width\":85,\"height\":111,\"caption\":\"CCOF.org\"},\"image\":{\"@id\":\"https:\\\/\\\/www.ccof.org\\\/#\\\/schema\\\/logo\\\/image\\\/\"},\"sameAs\":[\"https:\\\/\\\/www.facebook.com\\\/CCOForganic\",\"https:\\\/\\\/www.youtube.com\\\/c\\\/CCOForganic\",\"https:\\\/\\\/www.instagram.com\\\/ccoforganic\\\/\"]},{\"@type\":\"Person\",\"@id\":\"https:\\\/\\\/www.ccof.org\\\/#\\\/schema\\\/person\\\/5ccd134e7ab95678db6afcb521a44e07\",\"name\":\"admin\",\"image\":{\"@type\":\"ImageObject\",\"inLanguage\":\"es-MX\",\"@id\":\"https:\\\/\\\/secure.gravatar.com\\\/avatar\\\/01a869e9508babcb1c66b6b41356b4ef63d5326e5b27c38b27ed4a46b8e36b9f?s=96&d=mm&r=g\",\"url\":\"https:\\\/\\\/secure.gravatar.com\\\/avatar\\\/01a869e9508babcb1c66b6b41356b4ef63d5326e5b27c38b27ed4a46b8e36b9f?s=96&d=mm&r=g\",\"contentUrl\":\"https:\\\/\\\/secure.gravatar.com\\\/avatar\\\/01a869e9508babcb1c66b6b41356b4ef63d5326e5b27c38b27ed4a46b8e36b9f?s=96&d=mm&r=g\",\"caption\":\"admin\"},\"sameAs\":[\"http:\\\/\\\/www.ccof.org\\\/wp\"]}]}<\/script>\n<!-- \/ Yoast SEO plugin. -->","yoast_head_json":{"title":"Los trabajadores de la alimentaci\u00f3n y la agricultura ya pueden optar a la vacuna COVID en California y otros estados - CCOF.org","robots":{"index":"index","follow":"follow","max-snippet":"max-snippet:-1","max-image-preview":"max-image-preview:large","max-video-preview":"max-video-preview:-1"},"canonical":"https:\/\/www.ccof.org\/es\/news\/food-and-agricultural-workers-now-eligible-for-covid-vaccine-in-california-and-other-states\/","og_locale":"es_MX","og_type":"article","og_title":"Food and Agricultural Workers Now Eligible for COVID Vaccine in California and Other    States - CCOF.org","og_description":"Though the federal Centers for Disease Control (CDC) recommends prioritizing food and agricultural &hellip;","og_url":"https:\/\/www.ccof.org\/es\/news\/food-and-agricultural-workers-now-eligible-for-covid-vaccine-in-california-and-other-states\/","og_site_name":"CCOF.org","article_publisher":"https:\/\/www.facebook.com\/CCOForganic","article_published_time":"2021-03-15T17:04:30+00:00","article_modified_time":"2024-04-23T21:07:43+00:00","author":"admin","twitter_card":"summary_large_image","twitter_misc":{"Written by":"admin","Est. reading time":"1 minute"},"schema":{"@context":"https:\/\/schema.org","@graph":[{"@type":"Article","@id":"https:\/\/www.ccof.org\/es\/news\/food-and-agricultural-workers-now-eligible-for-covid-vaccine-in-california-and-other-states\/#article","isPartOf":{"@id":"https:\/\/www.ccof.org\/es\/news\/food-and-agricultural-workers-now-eligible-for-covid-vaccine-in-california-and-other-states\/"},"author":{"name":"admin","@id":"https:\/\/www.ccof.org\/#\/schema\/person\/5ccd134e7ab95678db6afcb521a44e07"},"headline":"Food and Agricultural Workers Now Eligible for COVID Vaccine in California and Other States","datePublished":"2021-03-15T17:04:30+00:00","dateModified":"2024-04-23T21:07:43+00:00","mainEntityOfPage":{"@id":"https:\/\/www.ccof.org\/es\/news\/food-and-agricultural-workers-now-eligible-for-covid-vaccine-in-california-and-other-states\/"},"wordCount":202,"commentCount":0,"publisher":{"@id":"https:\/\/www.ccof.org\/#organization"},"articleSection":["Foundation News"],"inLanguage":"es-MX","potentialAction":[{"@type":"CommentAction","name":"Comment","target":["https:\/\/www.ccof.org\/es\/news\/food-and-agricultural-workers-now-eligible-for-covid-vaccine-in-california-and-other-states\/#respond"]}]},{"@type":"WebPage","@id":"https:\/\/www.ccof.org\/es\/news\/food-and-agricultural-workers-now-eligible-for-covid-vaccine-in-california-and-other-states\/","url":"https:\/\/www.ccof.org\/es\/news\/food-and-agricultural-workers-now-eligible-for-covid-vaccine-in-california-and-other-states\/","name":"Los trabajadores de la alimentaci\u00f3n y la agricultura ya pueden optar a la vacuna COVID en California y otros estados - CCOF.org","isPartOf":{"@id":"https:\/\/www.ccof.org\/#website"},"datePublished":"2021-03-15T17:04:30+00:00","dateModified":"2024-04-23T21:07:43+00:00","breadcrumb":{"@id":"https:\/\/www.ccof.org\/es\/news\/food-and-agricultural-workers-now-eligible-for-covid-vaccine-in-california-and-other-states\/#breadcrumb"},"inLanguage":"es-MX","potentialAction":[{"@type":"ReadAction","target":["https:\/\/www.ccof.org\/es\/news\/food-and-agricultural-workers-now-eligible-for-covid-vaccine-in-california-and-other-states\/"]}]},{"@type":"BreadcrumbList","@id":"https:\/\/www.ccof.org\/es\/news\/food-and-agricultural-workers-now-eligible-for-covid-vaccine-in-california-and-other-states\/#breadcrumb","itemListElement":[{"@type":"ListItem","position":1,"name":"Home","item":"https:\/\/www.ccof.org\/"},{"@type":"ListItem","position":2,"name":"Food and Agricultural Workers Now Eligible for COVID Vaccine in California and Other States"}]},{"@type":"WebSite","@id":"https:\/\/www.ccof.org\/#website","url":"https:\/\/www.ccof.org\/","name":"CCOF.org","description":"\u00a1Ayude a que lo org\u00e1nico sea la norma!","publisher":{"@id":"https:\/\/www.ccof.org\/#organization"},"potentialAction":[{"@type":"SearchAction","target":{"@type":"EntryPoint","urlTemplate":"https:\/\/www.ccof.org\/?s={search_term_string}"},"query-input":{"@type":"PropertyValueSpecification","valueRequired":true,"valueName":"search_term_string"}}],"inLanguage":"es-MX"},{"@type":"Organization","@id":"https:\/\/www.ccof.org\/#organization","name":"CCOF.org","url":"https:\/\/www.ccof.org\/","logo":{"@type":"ImageObject","inLanguage":"es-MX","@id":"https:\/\/www.ccof.org\/#\/schema\/logo\/image\/","url":"https:\/\/www.ccof.org\/wp-content\/uploads\/2024\/02\/ccof-logo.svg","contentUrl":"https:\/\/www.ccof.org\/wp-content\/uploads\/2024\/02\/ccof-logo.svg","width":85,"height":111,"caption":"CCOF.org"},"image":{"@id":"https:\/\/www.ccof.org\/#\/schema\/logo\/image\/"},"sameAs":["https:\/\/www.facebook.com\/CCOForganic","https:\/\/www.youtube.com\/c\/CCOForganic","https:\/\/www.instagram.com\/ccoforganic\/"]},{"@type":"Person","@id":"https:\/\/www.ccof.org\/#\/schema\/person\/5ccd134e7ab95678db6afcb521a44e07","name":"admin","image":{"@type":"ImageObject","inLanguage":"es-MX","@id":"https:\/\/secure.gravatar.com\/avatar\/01a869e9508babcb1c66b6b41356b4ef63d5326e5b27c38b27ed4a46b8e36b9f?s=96&d=mm&r=g","url":"https:\/\/secure.gravatar.com\/avatar\/01a869e9508babcb1c66b6b41356b4ef63d5326e5b27c38b27ed4a46b8e36b9f?s=96&d=mm&r=g","contentUrl":"https:\/\/secure.gravatar.com\/avatar\/01a869e9508babcb1c66b6b41356b4ef63d5326e5b27c38b27ed4a46b8e36b9f?s=96&d=mm&r=g","caption":"admin"},"sameAs":["http:\/\/www.ccof.org\/wp"]}]}},"_links":{"self":[{"href":"https:\/\/www.ccof.org\/es\/wp-json\/wp\/v2\/posts\/33559","targetHints":{"allow":["GET"]}}],"collection":[{"href":"https:\/\/www.ccof.org\/es\/wp-json\/wp\/v2\/posts"}],"about":[{"href":"https:\/\/www.ccof.org\/es\/wp-json\/wp\/v2\/types\/post"}],"author":[{"embeddable":true,"href":"https:\/\/www.ccof.org\/es\/wp-json\/wp\/v2\/users\/1"}],"replies":[{"embeddable":true,"href":"https:\/\/www.ccof.org\/es\/wp-json\/wp\/v2\/comments?post=33559"}],"version-history":[{"count":2,"href":"https:\/\/www.ccof.org\/es\/wp-json\/wp\/v2\/posts\/33559\/revisions"}],"predecessor-version":[{"id":36230,"href":"https:\/\/www.ccof.org\/es\/wp-json\/wp\/v2\/posts\/33559\/revisions\/36230"}],"wp:attachment":[{"href":"https:\/\/www.ccof.org\/es\/wp-json\/wp\/v2\/media?parent=33559"}],"wp:term":[{"taxonomy":"category","embeddable":true,"href":"https:\/\/www.ccof.org\/es\/wp-json\/wp\/v2\/categories?post=33559"}],"curies":[{"name":"wp","href":"https:\/\/api.w.org\/{rel}","templated":true}]}}