{"id":33562,"date":"2021-03-22T17:55:52","date_gmt":"2021-03-22T17:55:52","guid":{"rendered":"https:\/\/www.ccof.org\/driven-to-address-food-sovereignty-with-organic-as-part-of-the-solution\/"},"modified":"2024-04-23T21:07:44","modified_gmt":"2024-04-23T21:07:44","slug":"driven-to-address-food-sovereignty-with-organic-as-part-of-the-solution","status":"publish","type":"post","link":"https:\/\/www.ccof.org\/es\/news\/driven-to-address-food-sovereignty-with-organic-as-part-of-the-solution\/","title":{"rendered":"Impulsados a abordar la soberan\u00eda alimentaria con lo org\u00e1nico como parte de la soluci\u00f3n"},"content":{"rendered":"<p><em>Los ganadores de la Beca para Futuros Agricultores Ecol\u00f3gicos fueron juzgados por tener la combinaci\u00f3n m\u00e1s fuerte de compromiso para llevar una carrera de por vida en la agricultura org\u00e1nica, la inversi\u00f3n y la participaci\u00f3n en la comunidad org\u00e1nica, y la dedicaci\u00f3n al crecimiento del movimiento org\u00e1nico. Cada becario recibir\u00e1 $2.500 para sus estudios en agricultura org\u00e1nica.\u00a0<\/em><\/p>\n<p><i><a       href=\"https:\/\/www.ccof.org\/es\/ccof-foundation\/future-organic-farmers\/\">Averig\u00fce c\u00f3mo solicitar su propia beca para futuros agricultores org\u00e1nicos<\/a>.<\/i><\/p>\n<p><i>Aprenda m\u00e1s sobre la ayuda financiera\u00a0<a       href=\"https:\/\/www.ccof.org\/es\/ccof-foundation\/get-involved\/\">apoyar el Fondo de Becas para Futuros Agricultores Org\u00e1nicos mediante una donaci\u00f3n<\/a>.<\/i><\/p>\n<p>Conozca a Malcolm St. Cyr, futuro agricultor org\u00e1nico becado en 2020<\/p>\n<p>Malcolm St. Cyr posee una gran experiencia vital y una amplia visi\u00f3n del mundo que contribuir\u00e1n al avance de lo org\u00e1nico en Estados Unidos y en todo el mundo. Nacido y criado entre Washington D.C. y Senegal, St. Cyr ha tenido que aprender ingl\u00e9s, franc\u00e9s, \u00e1rabe y wolof (un dialecto senegal\u00e9s), as\u00ed como las costumbres de dos pa\u00edses y culturas diferentes. Sus objetivos se basan en su experiencia vital en el \u00c1frica subsahariana, donde aprendi\u00f3 la importancia y los retos de la soberan\u00eda alimentaria comunitaria y regional. Una respuesta importante que St. Cyr ha encontrado para abordar cuestiones complejas de soberan\u00eda alimentaria es la agricultura org\u00e1nica.<\/p>\n<p>Cyr tiene objetivos concretos: completar sus dos licenciaturas en la Universidad Estatal de Iowa, una en Agronom\u00eda y otra en Sistemas de Recursos Globales. St. Cyr quiere capacitar a los agricultores para que mantengan su autosuficiencia y sus tradiciones centenarias al tiempo que adoptan las \u00faltimas ciencias y avances tecnol\u00f3gicos adecuados para unas pr\u00e1cticas org\u00e1nicas eficientes y regenerativas. Su licenciatura en Sistemas de Recursos Mundiales le ayudar\u00e1 a comprender los retos y oportunidades del mercado con enfoques interdisciplinarios y sist\u00e9micos para gestionar los problemas de los recursos mundiales y las competencias culturales.<\/p>\n<p>Los envases de la\u00a0<a       href=\"https:\/\/news.un.org\/en\/story\/2017\/01\/549962-un-agency-urges-support-small-farmers-help-them-not-just-get-thrive-and-feed\">ONU<\/a>,\u00a0<a       href=\"https:\/\/www.who.int\/bulletin\/volumes\/94\/3\/15-164509\/en\/\">OMS<\/a>y otras importantes organizaciones mundiales han determinado y recomendado que las peque\u00f1as explotaciones agroecol\u00f3gicas alimenten al mundo. Una forma de apoyar a estos peque\u00f1os agricultores es formando a la pr\u00f3xima generaci\u00f3n de agr\u00f3nomos apasionados y con profundos conocimientos sobre lo org\u00e1nico. La mayor\u00eda de estas peque\u00f1as explotaciones ya utilizan m\u00e9todos org\u00e1nicos, y St. Cyr espera reforzar sus esfuerzos proporcion\u00e1ndoles el apoyo t\u00e9cnico que tanto necesitan. Gracias a su t\u00edtulo en Agronom\u00eda, St. Cyr podr\u00e1 proporcionar apoyo t\u00e9cnico guiado por una profunda br\u00fajula moral y una conexi\u00f3n con la comunidad, y respaldado por los \u00faltimos avances cient\u00edficos y m\u00e9todos org\u00e1nicos.<\/p>\n<p>Cyr escribe: \"Mi objetivo final es mantener y mejorar la producci\u00f3n org\u00e1nica sostenible que ya existe en el \u00c1frica subsahariana, en el contexto de su cultura y tradiciones, para establecer una producci\u00f3n org\u00e1nica sostenible que d\u00e9 lugar a la autosuficiencia alimentaria. Tambi\u00e9n espero contribuir a establecer cadenas de suministro org\u00e1nicas eficaces entre esta regi\u00f3n y los mercados org\u00e1nicos de Estados Unidos, incluida la certificaci\u00f3n de la producci\u00f3n org\u00e1nica.\"<\/p>\n<p>El a\u00f1o pasado fue la segunda vez que la Fundaci\u00f3n CCOF apoy\u00f3 la carrera de St. Cyr en agricultura org\u00e1nica. Su apoyo fue       <a data-entity-substitution=\"canonical\" data-entity-type=\"node\"       data-entity-uuid=\"bf028ae6-c79d-4629-8014-738eaab1f0b3\" href=\"\/es\/node\/8816\/\">ambos a\u00f1os gracias al Mercado Org\u00e1nico de MOM<\/a>\u00a0y nuestros muchos otros donantes de la Fundaci\u00f3n CCOF Dice St. Cyr de su beca de CCOF, \"La inversi\u00f3n en mi futuro y mis sue\u00f1os han sido inestimables para aumentar mi confianza mientras segu\u00eda adelante el a\u00f1o pasado.\" \u00a1St. Cyr complet\u00f3 su primer a\u00f1o en Iowa State con una nota media de 3,9!<\/p>\n<p>\u00a1Enhorabuena y mis mejores deseos para St. Cyr durante su segundo a\u00f1o esta primavera 2021!<\/p>\n<p><strong>Las solicitudes para la beca Futuro Agricultor Org\u00e1nico del CCOF se abren el 1 de abril. M\u00e1s informaci\u00f3n y solicitudes en\u00a0<a       href=\"https:\/\/www.ccof.org\/es\/ccof-foundation\/future-organic-farmers\/\">Sitio web de futuros agricultores org\u00e1nicos<\/a>.<\/strong><\/p>\n<figure class=\"content-image\"><\/figure>","protected":false},"excerpt":{"rendered":"<p>Los ganadores de la beca para futuros agricultores org\u00e1nicos fueron ...<\/p>","protected":false},"author":1,"featured_media":0,"comment_status":"open","ping_status":"open","sticky":false,"template":"","format":"standard","meta":{"_acf_changed":false,"_relevanssi_hide_post":"","_relevanssi_hide_content":"","_relevanssi_pin_for_all":"","_relevanssi_pin_keywords":"","_relevanssi_unpin_keywords":"","_relevanssi_related_keywords":"","_relevanssi_related_include_ids":"","_relevanssi_related_exclude_ids":"","_relevanssi_related_no_append":"","_relevanssi_related_not_related":"","_relevanssi_related_posts":"","_relevanssi_noindex_reason":"","footnotes":""},"categories":[111],"class_list":["post-33562","post","type-post","status-publish","format-standard","hentry","category-foundation-news","language-english","foundation_topics-education"],"acf":[],"yoast_head":"<!-- This site is optimized with the Yoast SEO plugin v27.3 - https:\/\/yoast.com\/product\/yoast-seo-wordpress\/ -->\n<title>Driven to Address Food Sovereignty with Organic as Part of the Solution - CCOF.org<\/title>\n<meta name=\"robots\" content=\"index, follow, max-snippet:-1, max-image-preview:large, max-video-preview:-1\" \/>\n<link rel=\"canonical\" href=\"https:\/\/www.ccof.org\/es\/news\/driven-to-address-food-sovereignty-with-organic-as-part-of-the-solution\/\" \/>\n<meta property=\"og:locale\" content=\"es_MX\" \/>\n<meta property=\"og:type\" content=\"article\" \/>\n<meta property=\"og:title\" content=\"Driven to Address Food Sovereignty with Organic as Part of the Solution - CCOF.org\" \/>\n<meta property=\"og:description\" content=\"The Future Organic Farmer Grant winners were judged to have the strongest combination &hellip;\" \/>\n<meta property=\"og:url\" content=\"https:\/\/www.ccof.org\/es\/news\/driven-to-address-food-sovereignty-with-organic-as-part-of-the-solution\/\" \/>\n<meta property=\"og:site_name\" content=\"CCOF.org\" \/>\n<meta property=\"article:publisher\" content=\"https:\/\/www.facebook.com\/CCOForganic\" \/>\n<meta property=\"article:published_time\" content=\"2021-03-22T17:55:52+00:00\" \/>\n<meta property=\"article:modified_time\" content=\"2024-04-23T21:07:44+00:00\" \/>\n<meta name=\"author\" content=\"admin\" \/>\n<meta name=\"twitter:card\" content=\"summary_large_image\" \/>\n<meta name=\"twitter:label1\" content=\"Written by\" \/>\n\t<meta name=\"twitter:data1\" content=\"admin\" \/>\n\t<meta name=\"twitter:label2\" content=\"Est. reading time\" \/>\n\t<meta name=\"twitter:data2\" content=\"3 minutes\" \/>\n<script type=\"application\/ld+json\" class=\"yoast-schema-graph\">{\"@context\":\"https:\\\/\\\/schema.org\",\"@graph\":[{\"@type\":\"Article\",\"@id\":\"https:\\\/\\\/www.ccof.org\\\/es\\\/news\\\/driven-to-address-food-sovereignty-with-organic-as-part-of-the-solution\\\/#article\",\"isPartOf\":{\"@id\":\"https:\\\/\\\/www.ccof.org\\\/es\\\/news\\\/driven-to-address-food-sovereignty-with-organic-as-part-of-the-solution\\\/\"},\"author\":{\"name\":\"admin\",\"@id\":\"https:\\\/\\\/www.ccof.org\\\/#\\\/schema\\\/person\\\/5ccd134e7ab95678db6afcb521a44e07\"},\"headline\":\"Driven to Address Food Sovereignty with Organic as Part of the Solution\",\"datePublished\":\"2021-03-22T17:55:52+00:00\",\"dateModified\":\"2024-04-23T21:07:44+00:00\",\"mainEntityOfPage\":{\"@id\":\"https:\\\/\\\/www.ccof.org\\\/es\\\/news\\\/driven-to-address-food-sovereignty-with-organic-as-part-of-the-solution\\\/\"},\"wordCount\":554,\"commentCount\":0,\"publisher\":{\"@id\":\"https:\\\/\\\/www.ccof.org\\\/#organization\"},\"articleSection\":[\"Foundation News\"],\"inLanguage\":\"es-MX\",\"potentialAction\":[{\"@type\":\"CommentAction\",\"name\":\"Comment\",\"target\":[\"https:\\\/\\\/www.ccof.org\\\/es\\\/news\\\/driven-to-address-food-sovereignty-with-organic-as-part-of-the-solution\\\/#respond\"]}]},{\"@type\":\"WebPage\",\"@id\":\"https:\\\/\\\/www.ccof.org\\\/es\\\/news\\\/driven-to-address-food-sovereignty-with-organic-as-part-of-the-solution\\\/\",\"url\":\"https:\\\/\\\/www.ccof.org\\\/es\\\/news\\\/driven-to-address-food-sovereignty-with-organic-as-part-of-the-solution\\\/\",\"name\":\"Driven to Address Food Sovereignty with Organic as Part of the Solution - CCOF.org\",\"isPartOf\":{\"@id\":\"https:\\\/\\\/www.ccof.org\\\/#website\"},\"datePublished\":\"2021-03-22T17:55:52+00:00\",\"dateModified\":\"2024-04-23T21:07:44+00:00\",\"breadcrumb\":{\"@id\":\"https:\\\/\\\/www.ccof.org\\\/es\\\/news\\\/driven-to-address-food-sovereignty-with-organic-as-part-of-the-solution\\\/#breadcrumb\"},\"inLanguage\":\"es-MX\",\"potentialAction\":[{\"@type\":\"ReadAction\",\"target\":[\"https:\\\/\\\/www.ccof.org\\\/es\\\/news\\\/driven-to-address-food-sovereignty-with-organic-as-part-of-the-solution\\\/\"]}]},{\"@type\":\"BreadcrumbList\",\"@id\":\"https:\\\/\\\/www.ccof.org\\\/es\\\/news\\\/driven-to-address-food-sovereignty-with-organic-as-part-of-the-solution\\\/#breadcrumb\",\"itemListElement\":[{\"@type\":\"ListItem\",\"position\":1,\"name\":\"Home\",\"item\":\"https:\\\/\\\/www.ccof.org\\\/\"},{\"@type\":\"ListItem\",\"position\":2,\"name\":\"Driven to Address Food Sovereignty with Organic as Part of the Solution\"}]},{\"@type\":\"WebSite\",\"@id\":\"https:\\\/\\\/www.ccof.org\\\/#website\",\"url\":\"https:\\\/\\\/www.ccof.org\\\/\",\"name\":\"CCOF.org\",\"description\":\"Help make organic the norm!\",\"publisher\":{\"@id\":\"https:\\\/\\\/www.ccof.org\\\/#organization\"},\"potentialAction\":[{\"@type\":\"SearchAction\",\"target\":{\"@type\":\"EntryPoint\",\"urlTemplate\":\"https:\\\/\\\/www.ccof.org\\\/?s={search_term_string}\"},\"query-input\":{\"@type\":\"PropertyValueSpecification\",\"valueRequired\":true,\"valueName\":\"search_term_string\"}}],\"inLanguage\":\"es-MX\"},{\"@type\":\"Organization\",\"@id\":\"https:\\\/\\\/www.ccof.org\\\/#organization\",\"name\":\"CCOF.org\",\"url\":\"https:\\\/\\\/www.ccof.org\\\/\",\"logo\":{\"@type\":\"ImageObject\",\"inLanguage\":\"es-MX\",\"@id\":\"https:\\\/\\\/www.ccof.org\\\/#\\\/schema\\\/logo\\\/image\\\/\",\"url\":\"https:\\\/\\\/www.ccof.org\\\/wp-content\\\/uploads\\\/2024\\\/02\\\/ccof-logo.svg\",\"contentUrl\":\"https:\\\/\\\/www.ccof.org\\\/wp-content\\\/uploads\\\/2024\\\/02\\\/ccof-logo.svg\",\"width\":85,\"height\":111,\"caption\":\"CCOF.org\"},\"image\":{\"@id\":\"https:\\\/\\\/www.ccof.org\\\/#\\\/schema\\\/logo\\\/image\\\/\"},\"sameAs\":[\"https:\\\/\\\/www.facebook.com\\\/CCOForganic\",\"https:\\\/\\\/www.youtube.com\\\/c\\\/CCOForganic\",\"https:\\\/\\\/www.instagram.com\\\/ccoforganic\\\/\"]},{\"@type\":\"Person\",\"@id\":\"https:\\\/\\\/www.ccof.org\\\/#\\\/schema\\\/person\\\/5ccd134e7ab95678db6afcb521a44e07\",\"name\":\"admin\",\"image\":{\"@type\":\"ImageObject\",\"inLanguage\":\"es-MX\",\"@id\":\"https:\\\/\\\/secure.gravatar.com\\\/avatar\\\/01a869e9508babcb1c66b6b41356b4ef63d5326e5b27c38b27ed4a46b8e36b9f?s=96&d=mm&r=g\",\"url\":\"https:\\\/\\\/secure.gravatar.com\\\/avatar\\\/01a869e9508babcb1c66b6b41356b4ef63d5326e5b27c38b27ed4a46b8e36b9f?s=96&d=mm&r=g\",\"contentUrl\":\"https:\\\/\\\/secure.gravatar.com\\\/avatar\\\/01a869e9508babcb1c66b6b41356b4ef63d5326e5b27c38b27ed4a46b8e36b9f?s=96&d=mm&r=g\",\"caption\":\"admin\"},\"sameAs\":[\"http:\\\/\\\/www.ccof.org\\\/wp\"]}]}<\/script>\n<!-- \/ Yoast SEO plugin. -->","yoast_head_json":{"title":"Impulsados a abordar la soberan\u00eda alimentaria con la agricultura ecol\u00f3gica como parte de la soluci\u00f3n - CCOF.org","robots":{"index":"index","follow":"follow","max-snippet":"max-snippet:-1","max-image-preview":"max-image-preview:large","max-video-preview":"max-video-preview:-1"},"canonical":"https:\/\/www.ccof.org\/es\/news\/driven-to-address-food-sovereignty-with-organic-as-part-of-the-solution\/","og_locale":"es_MX","og_type":"article","og_title":"Driven to Address Food Sovereignty with Organic as Part of the Solution - CCOF.org","og_description":"The Future Organic Farmer Grant winners were judged to have the strongest combination &hellip;","og_url":"https:\/\/www.ccof.org\/es\/news\/driven-to-address-food-sovereignty-with-organic-as-part-of-the-solution\/","og_site_name":"CCOF.org","article_publisher":"https:\/\/www.facebook.com\/CCOForganic","article_published_time":"2021-03-22T17:55:52+00:00","article_modified_time":"2024-04-23T21:07:44+00:00","author":"admin","twitter_card":"summary_large_image","twitter_misc":{"Written by":"admin","Est. reading time":"3 minutes"},"schema":{"@context":"https:\/\/schema.org","@graph":[{"@type":"Article","@id":"https:\/\/www.ccof.org\/es\/news\/driven-to-address-food-sovereignty-with-organic-as-part-of-the-solution\/#article","isPartOf":{"@id":"https:\/\/www.ccof.org\/es\/news\/driven-to-address-food-sovereignty-with-organic-as-part-of-the-solution\/"},"author":{"name":"admin","@id":"https:\/\/www.ccof.org\/#\/schema\/person\/5ccd134e7ab95678db6afcb521a44e07"},"headline":"Driven to Address Food Sovereignty with Organic as Part of the Solution","datePublished":"2021-03-22T17:55:52+00:00","dateModified":"2024-04-23T21:07:44+00:00","mainEntityOfPage":{"@id":"https:\/\/www.ccof.org\/es\/news\/driven-to-address-food-sovereignty-with-organic-as-part-of-the-solution\/"},"wordCount":554,"commentCount":0,"publisher":{"@id":"https:\/\/www.ccof.org\/#organization"},"articleSection":["Foundation News"],"inLanguage":"es-MX","potentialAction":[{"@type":"CommentAction","name":"Comment","target":["https:\/\/www.ccof.org\/es\/news\/driven-to-address-food-sovereignty-with-organic-as-part-of-the-solution\/#respond"]}]},{"@type":"WebPage","@id":"https:\/\/www.ccof.org\/es\/news\/driven-to-address-food-sovereignty-with-organic-as-part-of-the-solution\/","url":"https:\/\/www.ccof.org\/es\/news\/driven-to-address-food-sovereignty-with-organic-as-part-of-the-solution\/","name":"Impulsados a abordar la soberan\u00eda alimentaria con la agricultura ecol\u00f3gica como parte de la soluci\u00f3n - CCOF.org","isPartOf":{"@id":"https:\/\/www.ccof.org\/#website"},"datePublished":"2021-03-22T17:55:52+00:00","dateModified":"2024-04-23T21:07:44+00:00","breadcrumb":{"@id":"https:\/\/www.ccof.org\/es\/news\/driven-to-address-food-sovereignty-with-organic-as-part-of-the-solution\/#breadcrumb"},"inLanguage":"es-MX","potentialAction":[{"@type":"ReadAction","target":["https:\/\/www.ccof.org\/es\/news\/driven-to-address-food-sovereignty-with-organic-as-part-of-the-solution\/"]}]},{"@type":"BreadcrumbList","@id":"https:\/\/www.ccof.org\/es\/news\/driven-to-address-food-sovereignty-with-organic-as-part-of-the-solution\/#breadcrumb","itemListElement":[{"@type":"ListItem","position":1,"name":"Home","item":"https:\/\/www.ccof.org\/"},{"@type":"ListItem","position":2,"name":"Driven to Address Food Sovereignty with Organic as Part of the Solution"}]},{"@type":"WebSite","@id":"https:\/\/www.ccof.org\/#website","url":"https:\/\/www.ccof.org\/","name":"CCOF.org","description":"\u00a1Ayude a que lo org\u00e1nico sea la norma!","publisher":{"@id":"https:\/\/www.ccof.org\/#organization"},"potentialAction":[{"@type":"SearchAction","target":{"@type":"EntryPoint","urlTemplate":"https:\/\/www.ccof.org\/?s={search_term_string}"},"query-input":{"@type":"PropertyValueSpecification","valueRequired":true,"valueName":"search_term_string"}}],"inLanguage":"es-MX"},{"@type":"Organization","@id":"https:\/\/www.ccof.org\/#organization","name":"CCOF.org","url":"https:\/\/www.ccof.org\/","logo":{"@type":"ImageObject","inLanguage":"es-MX","@id":"https:\/\/www.ccof.org\/#\/schema\/logo\/image\/","url":"https:\/\/www.ccof.org\/wp-content\/uploads\/2024\/02\/ccof-logo.svg","contentUrl":"https:\/\/www.ccof.org\/wp-content\/uploads\/2024\/02\/ccof-logo.svg","width":85,"height":111,"caption":"CCOF.org"},"image":{"@id":"https:\/\/www.ccof.org\/#\/schema\/logo\/image\/"},"sameAs":["https:\/\/www.facebook.com\/CCOForganic","https:\/\/www.youtube.com\/c\/CCOForganic","https:\/\/www.instagram.com\/ccoforganic\/"]},{"@type":"Person","@id":"https:\/\/www.ccof.org\/#\/schema\/person\/5ccd134e7ab95678db6afcb521a44e07","name":"admin","image":{"@type":"ImageObject","inLanguage":"es-MX","@id":"https:\/\/secure.gravatar.com\/avatar\/01a869e9508babcb1c66b6b41356b4ef63d5326e5b27c38b27ed4a46b8e36b9f?s=96&d=mm&r=g","url":"https:\/\/secure.gravatar.com\/avatar\/01a869e9508babcb1c66b6b41356b4ef63d5326e5b27c38b27ed4a46b8e36b9f?s=96&d=mm&r=g","contentUrl":"https:\/\/secure.gravatar.com\/avatar\/01a869e9508babcb1c66b6b41356b4ef63d5326e5b27c38b27ed4a46b8e36b9f?s=96&d=mm&r=g","caption":"admin"},"sameAs":["http:\/\/www.ccof.org\/wp"]}]}},"_links":{"self":[{"href":"https:\/\/www.ccof.org\/es\/wp-json\/wp\/v2\/posts\/33562","targetHints":{"allow":["GET"]}}],"collection":[{"href":"https:\/\/www.ccof.org\/es\/wp-json\/wp\/v2\/posts"}],"about":[{"href":"https:\/\/www.ccof.org\/es\/wp-json\/wp\/v2\/types\/post"}],"author":[{"embeddable":true,"href":"https:\/\/www.ccof.org\/es\/wp-json\/wp\/v2\/users\/1"}],"replies":[{"embeddable":true,"href":"https:\/\/www.ccof.org\/es\/wp-json\/wp\/v2\/comments?post=33562"}],"version-history":[{"count":2,"href":"https:\/\/www.ccof.org\/es\/wp-json\/wp\/v2\/posts\/33562\/revisions"}],"predecessor-version":[{"id":36233,"href":"https:\/\/www.ccof.org\/es\/wp-json\/wp\/v2\/posts\/33562\/revisions\/36233"}],"wp:attachment":[{"href":"https:\/\/www.ccof.org\/es\/wp-json\/wp\/v2\/media?parent=33562"}],"wp:term":[{"taxonomy":"category","embeddable":true,"href":"https:\/\/www.ccof.org\/es\/wp-json\/wp\/v2\/categories?post=33562"}],"curies":[{"name":"wp","href":"https:\/\/api.w.org\/{rel}","templated":true}]}}