{"id":33742,"date":"2022-02-22T23:41:19","date_gmt":"2022-02-22T23:41:19","guid":{"rendered":"https:\/\/www.ccof.org\/does-fresno-need-a-food-hub\/"},"modified":"2024-04-23T21:08:30","modified_gmt":"2024-04-23T21:08:30","slug":"does-fresno-need-a-food-hub","status":"publish","type":"post","link":"https:\/\/www.ccof.org\/es\/news\/does-fresno-need-a-food-hub\/","title":{"rendered":"\u00bfNecesita Fresno un centro de distribuci\u00f3n de alimentos?"},"content":{"rendered":"<p>La Alianza Comunitaria con los Agricultores Familiares (CAFF), como parte de una subvenci\u00f3n federal, est\u00e1 trabajando con la Fundaci\u00f3n Comunitaria del Valle Central y varios otros socios para evaluar una oportunidad para un nuevo centro comunitario de alimentos o centro de agregaci\u00f3n en Fresno. Un centro de distribuci\u00f3n de alimentos puede ofrecer algunas oportunidades \u00fanicas, en particular para los peque\u00f1os productores de cultivos especializados, para acceder a nuevos mercados y no est\u00e1 destinado a sustituir a los actuales canales de mercado.\u00a0<\/p>\n<p>A la CAFF le encantar\u00eda conocer la opini\u00f3n de agricultores y compradores; por favor, responda a trav\u00e9s de los siguientes enlaces de la encuesta:\u00a0<\/p>\n<p><a       href=\"https:\/\/www.surveymonkey.com\/r\/XH2HH6P\">Encuesta de compradores<\/a>\u00a0<\/p>\n<p><a href=\"https:\/\/www.surveymonkey.com\/r\/XCFQNF3\">Encuesta a los agricultores<\/a><\/p>\n<p>El CAFF ofrece algunos premios modestos para fomentar la participaci\u00f3n de compradores y agricultores potenciales.\u00a0<\/p>\n<p>Complete la encuesta antes del 28 de febrero.\u00a0<\/p>\n<p>***\u00a0<\/p>\n<p><em><strong>Este art\u00edculo ha sido escrito por Paul Towers, de la Alianza Comunitaria con la Agricultura Familiar (CAFF).<\/strong><\/em><\/p>\n<figure class=\"content-image\"><\/figure>","protected":false},"excerpt":{"rendered":"<p>La Alianza Comunitaria con la Agricultura Familiar (CAFF), en el marco de una subvenci\u00f3n federal, ...<\/p>","protected":false},"author":1,"featured_media":0,"comment_status":"open","ping_status":"open","sticky":false,"template":"","format":"standard","meta":{"_acf_changed":false,"_relevanssi_hide_post":"","_relevanssi_hide_content":"","_relevanssi_pin_for_all":"","_relevanssi_pin_keywords":"","_relevanssi_unpin_keywords":"","_relevanssi_related_keywords":"","_relevanssi_related_include_ids":"","_relevanssi_related_exclude_ids":"","_relevanssi_related_no_append":"","_relevanssi_related_not_related":"","_relevanssi_related_posts":"","_relevanssi_noindex_reason":"","footnotes":""},"categories":[113],"class_list":["post-33742","post","type-post","status-publish","format-standard","hentry","category-consumer-education","language-english","consumer_education_topics-american-farmland-sustainability","consumer_education_topics-environment","consumer_education_topics-producer-welfare-health","consumer_education_topics-supply-chain-sustainability","consumer_education_topics-why-organic"],"acf":[],"yoast_head":"<!-- This site is optimized with the Yoast SEO plugin v27.3 - https:\/\/yoast.com\/product\/yoast-seo-wordpress\/ -->\n<title>Does Fresno Need a Food Hub? - CCOF.org<\/title>\n<meta name=\"robots\" content=\"index, follow, max-snippet:-1, max-image-preview:large, max-video-preview:-1\" \/>\n<link rel=\"canonical\" href=\"https:\/\/www.ccof.org\/es\/news\/does-fresno-need-a-food-hub\/\" \/>\n<meta property=\"og:locale\" content=\"es_MX\" \/>\n<meta property=\"og:type\" content=\"article\" \/>\n<meta property=\"og:title\" content=\"Does Fresno Need a Food Hub? - CCOF.org\" \/>\n<meta property=\"og:description\" content=\"Community Alliance with Family Farmers (CAFF), as part of a federal grant, is &hellip;\" \/>\n<meta property=\"og:url\" content=\"https:\/\/www.ccof.org\/es\/news\/does-fresno-need-a-food-hub\/\" \/>\n<meta property=\"og:site_name\" content=\"CCOF.org\" \/>\n<meta property=\"article:publisher\" content=\"https:\/\/www.facebook.com\/CCOForganic\" \/>\n<meta property=\"article:published_time\" content=\"2022-02-22T23:41:19+00:00\" \/>\n<meta property=\"article:modified_time\" content=\"2024-04-23T21:08:30+00:00\" \/>\n<meta name=\"author\" content=\"admin\" \/>\n<meta name=\"twitter:card\" content=\"summary_large_image\" \/>\n<meta name=\"twitter:label1\" content=\"Written by\" \/>\n\t<meta name=\"twitter:data1\" content=\"admin\" \/>\n\t<meta name=\"twitter:label2\" content=\"Est. reading time\" \/>\n\t<meta name=\"twitter:data2\" content=\"1 minute\" \/>\n<script type=\"application\/ld+json\" class=\"yoast-schema-graph\">{\"@context\":\"https:\\\/\\\/schema.org\",\"@graph\":[{\"@type\":\"Article\",\"@id\":\"https:\\\/\\\/www.ccof.org\\\/es\\\/news\\\/does-fresno-need-a-food-hub\\\/#article\",\"isPartOf\":{\"@id\":\"https:\\\/\\\/www.ccof.org\\\/es\\\/news\\\/does-fresno-need-a-food-hub\\\/\"},\"author\":{\"name\":\"admin\",\"@id\":\"https:\\\/\\\/www.ccof.org\\\/#\\\/schema\\\/person\\\/5ccd134e7ab95678db6afcb521a44e07\"},\"headline\":\"Does Fresno Need a Food Hub?\",\"datePublished\":\"2022-02-22T23:41:19+00:00\",\"dateModified\":\"2024-04-23T21:08:30+00:00\",\"mainEntityOfPage\":{\"@id\":\"https:\\\/\\\/www.ccof.org\\\/es\\\/news\\\/does-fresno-need-a-food-hub\\\/\"},\"wordCount\":129,\"commentCount\":0,\"publisher\":{\"@id\":\"https:\\\/\\\/www.ccof.org\\\/#organization\"},\"articleSection\":[\"Consumer Education\"],\"inLanguage\":\"es-MX\",\"potentialAction\":[{\"@type\":\"CommentAction\",\"name\":\"Comment\",\"target\":[\"https:\\\/\\\/www.ccof.org\\\/es\\\/news\\\/does-fresno-need-a-food-hub\\\/#respond\"]}]},{\"@type\":\"WebPage\",\"@id\":\"https:\\\/\\\/www.ccof.org\\\/es\\\/news\\\/does-fresno-need-a-food-hub\\\/\",\"url\":\"https:\\\/\\\/www.ccof.org\\\/es\\\/news\\\/does-fresno-need-a-food-hub\\\/\",\"name\":\"Does Fresno Need a Food Hub? - CCOF.org\",\"isPartOf\":{\"@id\":\"https:\\\/\\\/www.ccof.org\\\/#website\"},\"datePublished\":\"2022-02-22T23:41:19+00:00\",\"dateModified\":\"2024-04-23T21:08:30+00:00\",\"breadcrumb\":{\"@id\":\"https:\\\/\\\/www.ccof.org\\\/es\\\/news\\\/does-fresno-need-a-food-hub\\\/#breadcrumb\"},\"inLanguage\":\"es-MX\",\"potentialAction\":[{\"@type\":\"ReadAction\",\"target\":[\"https:\\\/\\\/www.ccof.org\\\/es\\\/news\\\/does-fresno-need-a-food-hub\\\/\"]}]},{\"@type\":\"BreadcrumbList\",\"@id\":\"https:\\\/\\\/www.ccof.org\\\/es\\\/news\\\/does-fresno-need-a-food-hub\\\/#breadcrumb\",\"itemListElement\":[{\"@type\":\"ListItem\",\"position\":1,\"name\":\"Home\",\"item\":\"https:\\\/\\\/www.ccof.org\\\/\"},{\"@type\":\"ListItem\",\"position\":2,\"name\":\"Does Fresno Need a Food Hub?\"}]},{\"@type\":\"WebSite\",\"@id\":\"https:\\\/\\\/www.ccof.org\\\/#website\",\"url\":\"https:\\\/\\\/www.ccof.org\\\/\",\"name\":\"CCOF.org\",\"description\":\"Help make organic the norm!\",\"publisher\":{\"@id\":\"https:\\\/\\\/www.ccof.org\\\/#organization\"},\"potentialAction\":[{\"@type\":\"SearchAction\",\"target\":{\"@type\":\"EntryPoint\",\"urlTemplate\":\"https:\\\/\\\/www.ccof.org\\\/?s={search_term_string}\"},\"query-input\":{\"@type\":\"PropertyValueSpecification\",\"valueRequired\":true,\"valueName\":\"search_term_string\"}}],\"inLanguage\":\"es-MX\"},{\"@type\":\"Organization\",\"@id\":\"https:\\\/\\\/www.ccof.org\\\/#organization\",\"name\":\"CCOF.org\",\"url\":\"https:\\\/\\\/www.ccof.org\\\/\",\"logo\":{\"@type\":\"ImageObject\",\"inLanguage\":\"es-MX\",\"@id\":\"https:\\\/\\\/www.ccof.org\\\/#\\\/schema\\\/logo\\\/image\\\/\",\"url\":\"https:\\\/\\\/www.ccof.org\\\/wp-content\\\/uploads\\\/2024\\\/02\\\/ccof-logo.svg\",\"contentUrl\":\"https:\\\/\\\/www.ccof.org\\\/wp-content\\\/uploads\\\/2024\\\/02\\\/ccof-logo.svg\",\"width\":85,\"height\":111,\"caption\":\"CCOF.org\"},\"image\":{\"@id\":\"https:\\\/\\\/www.ccof.org\\\/#\\\/schema\\\/logo\\\/image\\\/\"},\"sameAs\":[\"https:\\\/\\\/www.facebook.com\\\/CCOForganic\",\"https:\\\/\\\/www.youtube.com\\\/c\\\/CCOForganic\",\"https:\\\/\\\/www.instagram.com\\\/ccoforganic\\\/\"]},{\"@type\":\"Person\",\"@id\":\"https:\\\/\\\/www.ccof.org\\\/#\\\/schema\\\/person\\\/5ccd134e7ab95678db6afcb521a44e07\",\"name\":\"admin\",\"image\":{\"@type\":\"ImageObject\",\"inLanguage\":\"es-MX\",\"@id\":\"https:\\\/\\\/secure.gravatar.com\\\/avatar\\\/01a869e9508babcb1c66b6b41356b4ef63d5326e5b27c38b27ed4a46b8e36b9f?s=96&d=mm&r=g\",\"url\":\"https:\\\/\\\/secure.gravatar.com\\\/avatar\\\/01a869e9508babcb1c66b6b41356b4ef63d5326e5b27c38b27ed4a46b8e36b9f?s=96&d=mm&r=g\",\"contentUrl\":\"https:\\\/\\\/secure.gravatar.com\\\/avatar\\\/01a869e9508babcb1c66b6b41356b4ef63d5326e5b27c38b27ed4a46b8e36b9f?s=96&d=mm&r=g\",\"caption\":\"admin\"},\"sameAs\":[\"http:\\\/\\\/www.ccof.org\\\/wp\"]}]}<\/script>\n<!-- \/ Yoast SEO plugin. -->","yoast_head_json":{"title":"\u00bfNecesita Fresno un centro de distribuci\u00f3n de alimentos? - CCOF.org","robots":{"index":"index","follow":"follow","max-snippet":"max-snippet:-1","max-image-preview":"max-image-preview:large","max-video-preview":"max-video-preview:-1"},"canonical":"https:\/\/www.ccof.org\/es\/news\/does-fresno-need-a-food-hub\/","og_locale":"es_MX","og_type":"article","og_title":"Does Fresno Need a Food Hub? - CCOF.org","og_description":"Community Alliance with Family Farmers (CAFF), as part of a federal grant, is &hellip;","og_url":"https:\/\/www.ccof.org\/es\/news\/does-fresno-need-a-food-hub\/","og_site_name":"CCOF.org","article_publisher":"https:\/\/www.facebook.com\/CCOForganic","article_published_time":"2022-02-22T23:41:19+00:00","article_modified_time":"2024-04-23T21:08:30+00:00","author":"admin","twitter_card":"summary_large_image","twitter_misc":{"Written by":"admin","Est. reading time":"1 minute"},"schema":{"@context":"https:\/\/schema.org","@graph":[{"@type":"Article","@id":"https:\/\/www.ccof.org\/es\/news\/does-fresno-need-a-food-hub\/#article","isPartOf":{"@id":"https:\/\/www.ccof.org\/es\/news\/does-fresno-need-a-food-hub\/"},"author":{"name":"admin","@id":"https:\/\/www.ccof.org\/#\/schema\/person\/5ccd134e7ab95678db6afcb521a44e07"},"headline":"Does Fresno Need a Food Hub?","datePublished":"2022-02-22T23:41:19+00:00","dateModified":"2024-04-23T21:08:30+00:00","mainEntityOfPage":{"@id":"https:\/\/www.ccof.org\/es\/news\/does-fresno-need-a-food-hub\/"},"wordCount":129,"commentCount":0,"publisher":{"@id":"https:\/\/www.ccof.org\/#organization"},"articleSection":["Consumer Education"],"inLanguage":"es-MX","potentialAction":[{"@type":"CommentAction","name":"Comment","target":["https:\/\/www.ccof.org\/es\/news\/does-fresno-need-a-food-hub\/#respond"]}]},{"@type":"WebPage","@id":"https:\/\/www.ccof.org\/es\/news\/does-fresno-need-a-food-hub\/","url":"https:\/\/www.ccof.org\/es\/news\/does-fresno-need-a-food-hub\/","name":"\u00bfNecesita Fresno un centro de distribuci\u00f3n de alimentos? - CCOF.org","isPartOf":{"@id":"https:\/\/www.ccof.org\/#website"},"datePublished":"2022-02-22T23:41:19+00:00","dateModified":"2024-04-23T21:08:30+00:00","breadcrumb":{"@id":"https:\/\/www.ccof.org\/es\/news\/does-fresno-need-a-food-hub\/#breadcrumb"},"inLanguage":"es-MX","potentialAction":[{"@type":"ReadAction","target":["https:\/\/www.ccof.org\/es\/news\/does-fresno-need-a-food-hub\/"]}]},{"@type":"BreadcrumbList","@id":"https:\/\/www.ccof.org\/es\/news\/does-fresno-need-a-food-hub\/#breadcrumb","itemListElement":[{"@type":"ListItem","position":1,"name":"Home","item":"https:\/\/www.ccof.org\/"},{"@type":"ListItem","position":2,"name":"Does Fresno Need a Food Hub?"}]},{"@type":"WebSite","@id":"https:\/\/www.ccof.org\/#website","url":"https:\/\/www.ccof.org\/","name":"CCOF.org","description":"\u00a1Ayude a que lo org\u00e1nico sea la norma!","publisher":{"@id":"https:\/\/www.ccof.org\/#organization"},"potentialAction":[{"@type":"SearchAction","target":{"@type":"EntryPoint","urlTemplate":"https:\/\/www.ccof.org\/?s={search_term_string}"},"query-input":{"@type":"PropertyValueSpecification","valueRequired":true,"valueName":"search_term_string"}}],"inLanguage":"es-MX"},{"@type":"Organization","@id":"https:\/\/www.ccof.org\/#organization","name":"CCOF.org","url":"https:\/\/www.ccof.org\/","logo":{"@type":"ImageObject","inLanguage":"es-MX","@id":"https:\/\/www.ccof.org\/#\/schema\/logo\/image\/","url":"https:\/\/www.ccof.org\/wp-content\/uploads\/2024\/02\/ccof-logo.svg","contentUrl":"https:\/\/www.ccof.org\/wp-content\/uploads\/2024\/02\/ccof-logo.svg","width":85,"height":111,"caption":"CCOF.org"},"image":{"@id":"https:\/\/www.ccof.org\/#\/schema\/logo\/image\/"},"sameAs":["https:\/\/www.facebook.com\/CCOForganic","https:\/\/www.youtube.com\/c\/CCOForganic","https:\/\/www.instagram.com\/ccoforganic\/"]},{"@type":"Person","@id":"https:\/\/www.ccof.org\/#\/schema\/person\/5ccd134e7ab95678db6afcb521a44e07","name":"admin","image":{"@type":"ImageObject","inLanguage":"es-MX","@id":"https:\/\/secure.gravatar.com\/avatar\/01a869e9508babcb1c66b6b41356b4ef63d5326e5b27c38b27ed4a46b8e36b9f?s=96&d=mm&r=g","url":"https:\/\/secure.gravatar.com\/avatar\/01a869e9508babcb1c66b6b41356b4ef63d5326e5b27c38b27ed4a46b8e36b9f?s=96&d=mm&r=g","contentUrl":"https:\/\/secure.gravatar.com\/avatar\/01a869e9508babcb1c66b6b41356b4ef63d5326e5b27c38b27ed4a46b8e36b9f?s=96&d=mm&r=g","caption":"admin"},"sameAs":["http:\/\/www.ccof.org\/wp"]}]}},"_links":{"self":[{"href":"https:\/\/www.ccof.org\/es\/wp-json\/wp\/v2\/posts\/33742","targetHints":{"allow":["GET"]}}],"collection":[{"href":"https:\/\/www.ccof.org\/es\/wp-json\/wp\/v2\/posts"}],"about":[{"href":"https:\/\/www.ccof.org\/es\/wp-json\/wp\/v2\/types\/post"}],"author":[{"embeddable":true,"href":"https:\/\/www.ccof.org\/es\/wp-json\/wp\/v2\/users\/1"}],"replies":[{"embeddable":true,"href":"https:\/\/www.ccof.org\/es\/wp-json\/wp\/v2\/comments?post=33742"}],"version-history":[{"count":2,"href":"https:\/\/www.ccof.org\/es\/wp-json\/wp\/v2\/posts\/33742\/revisions"}],"predecessor-version":[{"id":36420,"href":"https:\/\/www.ccof.org\/es\/wp-json\/wp\/v2\/posts\/33742\/revisions\/36420"}],"wp:attachment":[{"href":"https:\/\/www.ccof.org\/es\/wp-json\/wp\/v2\/media?parent=33742"}],"wp:term":[{"taxonomy":"category","embeddable":true,"href":"https:\/\/www.ccof.org\/es\/wp-json\/wp\/v2\/categories?post=33742"}],"curies":[{"name":"wp","href":"https:\/\/api.w.org\/{rel}","templated":true}]}}