{"id":33743,"date":"2022-02-28T18:10:37","date_gmt":"2022-02-28T18:10:37","guid":{"rendered":"https:\/\/www.ccof.org\/earls-organic-produce-celebrates-endings-and-expansions\/"},"modified":"2024-04-23T21:08:30","modified_gmt":"2024-04-23T21:08:30","slug":"earls-organic-produce-celebrates-endings-and-expansions","status":"publish","type":"post","link":"https:\/\/www.ccof.org\/es\/news\/earls-organic-produce-celebrates-endings-and-expansions\/","title":{"rendered":"Earl's Organic Produce celebra finales y ampliaciones"},"content":{"rendered":"<figure class=\"content-image\"><img loading=\"lazy\" decoding=\"async\" alt=\"\" data-entity-type=\"file\"       data-entity-uuid=\"17d79873-cd10-4bb4-8340-60a278181f60\" height=\"533\"       src=\"http:\/\/live-ccof001.pantheonsite.io\/wp-content\/uploads\/2024\/04\/Earl-with-figs.jpg\" width=\"800\"       \/><\/figure>\n<p>Earl Herrick, campe\u00f3n de la Fundaci\u00f3n CCOF y veterano defensor de la agricultura ecol\u00f3gica, y el equipo de Earl's Organic Produce est\u00e1n acostumbrados a cambiar con los tiempos. Tras lanzar su negocio en San Francisco en 1988, Earl Herrick, junto con el resto de la industria org\u00e1nica, ha observado el ritmo al que ha crecido la agricultura org\u00e1nica en los \u00faltimos 40 a\u00f1os. CCOF y Earl's han crecido codo con codo en muchos aspectos, apoyando simult\u00e1neamente el crecimiento de las cadenas de suministro ecol\u00f3gicas y la integridad de las pr\u00e1cticas de agricultura ecol\u00f3gica como principio empresarial b\u00e1sico. \u00a0<\/p>\n<p>En un comunicado de diciembre de 2021, la empresa anunci\u00f3 la jubilaci\u00f3n de Robert Lichtenberg.       Lichtenberg es el antiguo director de compras de Earl's, cuya carrera de casi 50 a\u00f1os ha dejado a la empresa en una posici\u00f3n de \u00e9xito, preparada para afrontar la pr\u00f3xima d\u00e9cada de negocio.       Aunque Lichtenberg no trabajar\u00e1 f\u00edsicamente con el equipo de Earl's, no faltar\u00e1 su presencia a medida que la empresa siga avanzando. M\u00e1s informaci\u00f3n sobre el legado de Lichtenberg en la p\u00e1gina de la Red de Productos Org\u00e1nicos <a       href=\"https:\/\/www.organicproducenetwork.com\/article\/1539\/lichtenberg-retires-from-earls-organic-produce\">,<\/a>.       \u00a0<\/p>\n<p>En una entrevista reciente con Organic Produce Network, el director de ventas y marketing de Earl's Organic Produce, Drew Knobel, habl\u00f3 de lo que est\u00e1 por venir, no s\u00f3lo en ausencia de Lichtenberg, sino para la empresa en su conjunto. A medida que Earl se acerca al medio siglo de venta de productos org\u00e1nicos y la empresa se acerca a los 35 a\u00f1os de existencia, Knobel ha anunciado que Earl's ha adquirido recientemente 30.000 pies cuadrados de espacio adicional en su oficina de San Francisco, en la zona de San Francisco. <a       href=\"https:\/\/thesfmarket.org\/\">El mercado de San Francisco<\/a>. Se han construido tres nuevas salas de maduraci\u00f3n y, adem\u00e1s, el equipo est\u00e1 construyendo una unidad de refrigeraci\u00f3n a gran escala.       Al tiempo que se renueva el espacio de oficinas, tambi\u00e9n lo hace la marca Earl's Organic. Por primera vez en los 34 a\u00f1os de historia de Earl's Organic, la empresa ha anunciado oficialmente la renovaci\u00f3n de su marca. Sus camiones llevar\u00e1n un nuevo logotipo y un nuevo sitio web que pronto se dar\u00e1n a conocer (lo cual no es poca cosa, sobre todo si se suma a la ampliaci\u00f3n simult\u00e1nea de las oficinas de la empresa).\u00a0<\/p>\n<p>La Fundaci\u00f3n CCOF agradece a Earl's Organic su colaboraci\u00f3n y defensa durante las \u00faltimas d\u00e9cadas, y su apoyo a los agricultores org\u00e1nicos, tanto a trav\u00e9s de nuestra rama ben\u00e9fica 501(c)(3) como mediante el establecimiento de un negocio estable y duradero que apoya la prosperidad econ\u00f3mica de los agricultores y productores org\u00e1nicos.\u00a0<\/p>\n<p>\u00a0<\/p>\n<figure class=\"content-image\"><\/figure>","protected":false},"excerpt":{"rendered":"<p>Campe\u00f3n de la Fundaci\u00f3n CCOF y defensor de la agricultura org\u00e1nica desde hace mucho tiempo, Earl Herrick y el equipo ...<\/p>","protected":false},"author":1,"featured_media":34393,"comment_status":"open","ping_status":"open","sticky":false,"template":"","format":"standard","meta":{"_acf_changed":false,"_relevanssi_hide_post":"","_relevanssi_hide_content":"","_relevanssi_pin_for_all":"","_relevanssi_pin_keywords":"","_relevanssi_unpin_keywords":"","_relevanssi_related_keywords":"","_relevanssi_related_include_ids":"","_relevanssi_related_exclude_ids":"","_relevanssi_related_no_append":"","_relevanssi_related_not_related":"","_relevanssi_related_posts":"","_relevanssi_noindex_reason":"","footnotes":""},"categories":[113],"class_list":["post-33743","post","type-post","status-publish","format-standard","has-post-thumbnail","hentry","category-consumer-education","language-english","consumer_education_topics-american-farmland-sustainability","consumer_education_topics-environment","consumer_education_topics-producer-welfare-health","consumer_education_topics-supply-chain-sustainability","consumer_education_topics-why-organic"],"acf":[],"yoast_head":"<!-- This site is optimized with the Yoast SEO plugin v27.3 - https:\/\/yoast.com\/product\/yoast-seo-wordpress\/ -->\n<title>Earl&#x2019;s Organic Produce Celebrates Endings and Expansions - CCOF.org<\/title>\n<meta name=\"robots\" content=\"index, follow, max-snippet:-1, max-image-preview:large, max-video-preview:-1\" \/>\n<link rel=\"canonical\" href=\"https:\/\/www.ccof.org\/es\/news\/earls-organic-produce-celebrates-endings-and-expansions\/\" \/>\n<meta property=\"og:locale\" content=\"es_MX\" \/>\n<meta property=\"og:type\" content=\"article\" \/>\n<meta property=\"og:title\" content=\"Earl&#x2019;s Organic Produce Celebrates Endings and Expansions - CCOF.org\" \/>\n<meta property=\"og:description\" content=\"CCOF Foundation Champion and longtime organic farming advocate Earl Herrick and the team &hellip;\" \/>\n<meta property=\"og:url\" content=\"https:\/\/www.ccof.org\/es\/news\/earls-organic-produce-celebrates-endings-and-expansions\/\" \/>\n<meta property=\"og:site_name\" content=\"CCOF.org\" \/>\n<meta property=\"article:publisher\" content=\"https:\/\/www.facebook.com\/CCOForganic\" \/>\n<meta property=\"article:published_time\" content=\"2022-02-28T18:10:37+00:00\" \/>\n<meta property=\"article:modified_time\" content=\"2024-04-23T21:08:30+00:00\" \/>\n<meta property=\"og:image\" content=\"https:\/\/www.ccof.org\/wp-content\/uploads\/2024\/04\/Earl-with-figs.jpg\" \/>\n\t<meta property=\"og:image:width\" content=\"800\" \/>\n\t<meta property=\"og:image:height\" content=\"533\" \/>\n\t<meta property=\"og:image:type\" content=\"image\/jpeg\" \/>\n<meta name=\"author\" content=\"admin\" \/>\n<meta name=\"twitter:card\" content=\"summary_large_image\" \/>\n<meta name=\"twitter:label1\" content=\"Written by\" \/>\n\t<meta name=\"twitter:data1\" content=\"admin\" \/>\n\t<meta name=\"twitter:label2\" content=\"Est. reading time\" \/>\n\t<meta name=\"twitter:data2\" content=\"2 minutes\" \/>\n<script type=\"application\/ld+json\" class=\"yoast-schema-graph\">{\"@context\":\"https:\\\/\\\/schema.org\",\"@graph\":[{\"@type\":\"Article\",\"@id\":\"https:\\\/\\\/www.ccof.org\\\/es\\\/news\\\/earls-organic-produce-celebrates-endings-and-expansions\\\/#article\",\"isPartOf\":{\"@id\":\"https:\\\/\\\/www.ccof.org\\\/es\\\/news\\\/earls-organic-produce-celebrates-endings-and-expansions\\\/\"},\"author\":{\"name\":\"admin\",\"@id\":\"https:\\\/\\\/www.ccof.org\\\/#\\\/schema\\\/person\\\/5ccd134e7ab95678db6afcb521a44e07\"},\"headline\":\"Earl&#x2019;s Organic Produce Celebrates Endings and Expansions\",\"datePublished\":\"2022-02-28T18:10:37+00:00\",\"dateModified\":\"2024-04-23T21:08:30+00:00\",\"mainEntityOfPage\":{\"@id\":\"https:\\\/\\\/www.ccof.org\\\/es\\\/news\\\/earls-organic-produce-celebrates-endings-and-expansions\\\/\"},\"wordCount\":384,\"commentCount\":0,\"publisher\":{\"@id\":\"https:\\\/\\\/www.ccof.org\\\/#organization\"},\"image\":{\"@id\":\"https:\\\/\\\/www.ccof.org\\\/es\\\/news\\\/earls-organic-produce-celebrates-endings-and-expansions\\\/#primaryimage\"},\"thumbnailUrl\":\"https:\\\/\\\/www.ccof.org\\\/wp-content\\\/uploads\\\/2024\\\/04\\\/Earl-with-figs.jpg\",\"articleSection\":[\"Consumer Education\"],\"inLanguage\":\"es-MX\",\"potentialAction\":[{\"@type\":\"CommentAction\",\"name\":\"Comment\",\"target\":[\"https:\\\/\\\/www.ccof.org\\\/es\\\/news\\\/earls-organic-produce-celebrates-endings-and-expansions\\\/#respond\"]}]},{\"@type\":\"WebPage\",\"@id\":\"https:\\\/\\\/www.ccof.org\\\/es\\\/news\\\/earls-organic-produce-celebrates-endings-and-expansions\\\/\",\"url\":\"https:\\\/\\\/www.ccof.org\\\/es\\\/news\\\/earls-organic-produce-celebrates-endings-and-expansions\\\/\",\"name\":\"Earl&#x2019;s Organic Produce Celebrates Endings and Expansions - CCOF.org\",\"isPartOf\":{\"@id\":\"https:\\\/\\\/www.ccof.org\\\/#website\"},\"primaryImageOfPage\":{\"@id\":\"https:\\\/\\\/www.ccof.org\\\/es\\\/news\\\/earls-organic-produce-celebrates-endings-and-expansions\\\/#primaryimage\"},\"image\":{\"@id\":\"https:\\\/\\\/www.ccof.org\\\/es\\\/news\\\/earls-organic-produce-celebrates-endings-and-expansions\\\/#primaryimage\"},\"thumbnailUrl\":\"https:\\\/\\\/www.ccof.org\\\/wp-content\\\/uploads\\\/2024\\\/04\\\/Earl-with-figs.jpg\",\"datePublished\":\"2022-02-28T18:10:37+00:00\",\"dateModified\":\"2024-04-23T21:08:30+00:00\",\"breadcrumb\":{\"@id\":\"https:\\\/\\\/www.ccof.org\\\/es\\\/news\\\/earls-organic-produce-celebrates-endings-and-expansions\\\/#breadcrumb\"},\"inLanguage\":\"es-MX\",\"potentialAction\":[{\"@type\":\"ReadAction\",\"target\":[\"https:\\\/\\\/www.ccof.org\\\/es\\\/news\\\/earls-organic-produce-celebrates-endings-and-expansions\\\/\"]}]},{\"@type\":\"ImageObject\",\"inLanguage\":\"es-MX\",\"@id\":\"https:\\\/\\\/www.ccof.org\\\/es\\\/news\\\/earls-organic-produce-celebrates-endings-and-expansions\\\/#primaryimage\",\"url\":\"https:\\\/\\\/www.ccof.org\\\/wp-content\\\/uploads\\\/2024\\\/04\\\/Earl-with-figs.jpg\",\"contentUrl\":\"https:\\\/\\\/www.ccof.org\\\/wp-content\\\/uploads\\\/2024\\\/04\\\/Earl-with-figs.jpg\",\"width\":800,\"height\":533},{\"@type\":\"BreadcrumbList\",\"@id\":\"https:\\\/\\\/www.ccof.org\\\/es\\\/news\\\/earls-organic-produce-celebrates-endings-and-expansions\\\/#breadcrumb\",\"itemListElement\":[{\"@type\":\"ListItem\",\"position\":1,\"name\":\"Home\",\"item\":\"https:\\\/\\\/www.ccof.org\\\/\"},{\"@type\":\"ListItem\",\"position\":2,\"name\":\"Earl&#x2019;s Organic Produce Celebrates Endings and Expansions\"}]},{\"@type\":\"WebSite\",\"@id\":\"https:\\\/\\\/www.ccof.org\\\/#website\",\"url\":\"https:\\\/\\\/www.ccof.org\\\/\",\"name\":\"CCOF.org\",\"description\":\"Help make organic the norm!\",\"publisher\":{\"@id\":\"https:\\\/\\\/www.ccof.org\\\/#organization\"},\"potentialAction\":[{\"@type\":\"SearchAction\",\"target\":{\"@type\":\"EntryPoint\",\"urlTemplate\":\"https:\\\/\\\/www.ccof.org\\\/?s={search_term_string}\"},\"query-input\":{\"@type\":\"PropertyValueSpecification\",\"valueRequired\":true,\"valueName\":\"search_term_string\"}}],\"inLanguage\":\"es-MX\"},{\"@type\":\"Organization\",\"@id\":\"https:\\\/\\\/www.ccof.org\\\/#organization\",\"name\":\"CCOF.org\",\"url\":\"https:\\\/\\\/www.ccof.org\\\/\",\"logo\":{\"@type\":\"ImageObject\",\"inLanguage\":\"es-MX\",\"@id\":\"https:\\\/\\\/www.ccof.org\\\/#\\\/schema\\\/logo\\\/image\\\/\",\"url\":\"https:\\\/\\\/www.ccof.org\\\/wp-content\\\/uploads\\\/2024\\\/02\\\/ccof-logo.svg\",\"contentUrl\":\"https:\\\/\\\/www.ccof.org\\\/wp-content\\\/uploads\\\/2024\\\/02\\\/ccof-logo.svg\",\"width\":85,\"height\":111,\"caption\":\"CCOF.org\"},\"image\":{\"@id\":\"https:\\\/\\\/www.ccof.org\\\/#\\\/schema\\\/logo\\\/image\\\/\"},\"sameAs\":[\"https:\\\/\\\/www.facebook.com\\\/CCOForganic\",\"https:\\\/\\\/www.youtube.com\\\/c\\\/CCOForganic\",\"https:\\\/\\\/www.instagram.com\\\/ccoforganic\\\/\"]},{\"@type\":\"Person\",\"@id\":\"https:\\\/\\\/www.ccof.org\\\/#\\\/schema\\\/person\\\/5ccd134e7ab95678db6afcb521a44e07\",\"name\":\"admin\",\"image\":{\"@type\":\"ImageObject\",\"inLanguage\":\"es-MX\",\"@id\":\"https:\\\/\\\/secure.gravatar.com\\\/avatar\\\/01a869e9508babcb1c66b6b41356b4ef63d5326e5b27c38b27ed4a46b8e36b9f?s=96&d=mm&r=g\",\"url\":\"https:\\\/\\\/secure.gravatar.com\\\/avatar\\\/01a869e9508babcb1c66b6b41356b4ef63d5326e5b27c38b27ed4a46b8e36b9f?s=96&d=mm&r=g\",\"contentUrl\":\"https:\\\/\\\/secure.gravatar.com\\\/avatar\\\/01a869e9508babcb1c66b6b41356b4ef63d5326e5b27c38b27ed4a46b8e36b9f?s=96&d=mm&r=g\",\"caption\":\"admin\"},\"sameAs\":[\"http:\\\/\\\/www.ccof.org\\\/wp\"]}]}<\/script>\n<!-- \/ Yoast SEO plugin. -->","yoast_head_json":{"title":"Earl's Organic Produce celebra finales y ampliaciones - CCOF.org","robots":{"index":"index","follow":"follow","max-snippet":"max-snippet:-1","max-image-preview":"max-image-preview:large","max-video-preview":"max-video-preview:-1"},"canonical":"https:\/\/www.ccof.org\/es\/news\/earls-organic-produce-celebrates-endings-and-expansions\/","og_locale":"es_MX","og_type":"article","og_title":"Earl&#x2019;s Organic Produce Celebrates Endings and Expansions - CCOF.org","og_description":"CCOF Foundation Champion and longtime organic farming advocate Earl Herrick and the team &hellip;","og_url":"https:\/\/www.ccof.org\/es\/news\/earls-organic-produce-celebrates-endings-and-expansions\/","og_site_name":"CCOF.org","article_publisher":"https:\/\/www.facebook.com\/CCOForganic","article_published_time":"2022-02-28T18:10:37+00:00","article_modified_time":"2024-04-23T21:08:30+00:00","og_image":[{"width":800,"height":533,"url":"https:\/\/www.ccof.org\/wp-content\/uploads\/2024\/04\/Earl-with-figs.jpg","type":"image\/jpeg"}],"author":"admin","twitter_card":"summary_large_image","twitter_misc":{"Written by":"admin","Est. reading time":"2 minutes"},"schema":{"@context":"https:\/\/schema.org","@graph":[{"@type":"Article","@id":"https:\/\/www.ccof.org\/es\/news\/earls-organic-produce-celebrates-endings-and-expansions\/#article","isPartOf":{"@id":"https:\/\/www.ccof.org\/es\/news\/earls-organic-produce-celebrates-endings-and-expansions\/"},"author":{"name":"admin","@id":"https:\/\/www.ccof.org\/#\/schema\/person\/5ccd134e7ab95678db6afcb521a44e07"},"headline":"Earl&#x2019;s Organic Produce Celebrates Endings and Expansions","datePublished":"2022-02-28T18:10:37+00:00","dateModified":"2024-04-23T21:08:30+00:00","mainEntityOfPage":{"@id":"https:\/\/www.ccof.org\/es\/news\/earls-organic-produce-celebrates-endings-and-expansions\/"},"wordCount":384,"commentCount":0,"publisher":{"@id":"https:\/\/www.ccof.org\/#organization"},"image":{"@id":"https:\/\/www.ccof.org\/es\/news\/earls-organic-produce-celebrates-endings-and-expansions\/#primaryimage"},"thumbnailUrl":"https:\/\/www.ccof.org\/wp-content\/uploads\/2024\/04\/Earl-with-figs.jpg","articleSection":["Consumer Education"],"inLanguage":"es-MX","potentialAction":[{"@type":"CommentAction","name":"Comment","target":["https:\/\/www.ccof.org\/es\/news\/earls-organic-produce-celebrates-endings-and-expansions\/#respond"]}]},{"@type":"WebPage","@id":"https:\/\/www.ccof.org\/es\/news\/earls-organic-produce-celebrates-endings-and-expansions\/","url":"https:\/\/www.ccof.org\/es\/news\/earls-organic-produce-celebrates-endings-and-expansions\/","name":"Earl's Organic Produce celebra finales y ampliaciones - CCOF.org","isPartOf":{"@id":"https:\/\/www.ccof.org\/#website"},"primaryImageOfPage":{"@id":"https:\/\/www.ccof.org\/es\/news\/earls-organic-produce-celebrates-endings-and-expansions\/#primaryimage"},"image":{"@id":"https:\/\/www.ccof.org\/es\/news\/earls-organic-produce-celebrates-endings-and-expansions\/#primaryimage"},"thumbnailUrl":"https:\/\/www.ccof.org\/wp-content\/uploads\/2024\/04\/Earl-with-figs.jpg","datePublished":"2022-02-28T18:10:37+00:00","dateModified":"2024-04-23T21:08:30+00:00","breadcrumb":{"@id":"https:\/\/www.ccof.org\/es\/news\/earls-organic-produce-celebrates-endings-and-expansions\/#breadcrumb"},"inLanguage":"es-MX","potentialAction":[{"@type":"ReadAction","target":["https:\/\/www.ccof.org\/es\/news\/earls-organic-produce-celebrates-endings-and-expansions\/"]}]},{"@type":"ImageObject","inLanguage":"es-MX","@id":"https:\/\/www.ccof.org\/es\/news\/earls-organic-produce-celebrates-endings-and-expansions\/#primaryimage","url":"https:\/\/www.ccof.org\/wp-content\/uploads\/2024\/04\/Earl-with-figs.jpg","contentUrl":"https:\/\/www.ccof.org\/wp-content\/uploads\/2024\/04\/Earl-with-figs.jpg","width":800,"height":533},{"@type":"BreadcrumbList","@id":"https:\/\/www.ccof.org\/es\/news\/earls-organic-produce-celebrates-endings-and-expansions\/#breadcrumb","itemListElement":[{"@type":"ListItem","position":1,"name":"Home","item":"https:\/\/www.ccof.org\/"},{"@type":"ListItem","position":2,"name":"Earl&#x2019;s Organic Produce Celebrates Endings and Expansions"}]},{"@type":"WebSite","@id":"https:\/\/www.ccof.org\/#website","url":"https:\/\/www.ccof.org\/","name":"CCOF.org","description":"\u00a1Ayude a que lo org\u00e1nico sea la norma!","publisher":{"@id":"https:\/\/www.ccof.org\/#organization"},"potentialAction":[{"@type":"SearchAction","target":{"@type":"EntryPoint","urlTemplate":"https:\/\/www.ccof.org\/?s={search_term_string}"},"query-input":{"@type":"PropertyValueSpecification","valueRequired":true,"valueName":"search_term_string"}}],"inLanguage":"es-MX"},{"@type":"Organization","@id":"https:\/\/www.ccof.org\/#organization","name":"CCOF.org","url":"https:\/\/www.ccof.org\/","logo":{"@type":"ImageObject","inLanguage":"es-MX","@id":"https:\/\/www.ccof.org\/#\/schema\/logo\/image\/","url":"https:\/\/www.ccof.org\/wp-content\/uploads\/2024\/02\/ccof-logo.svg","contentUrl":"https:\/\/www.ccof.org\/wp-content\/uploads\/2024\/02\/ccof-logo.svg","width":85,"height":111,"caption":"CCOF.org"},"image":{"@id":"https:\/\/www.ccof.org\/#\/schema\/logo\/image\/"},"sameAs":["https:\/\/www.facebook.com\/CCOForganic","https:\/\/www.youtube.com\/c\/CCOForganic","https:\/\/www.instagram.com\/ccoforganic\/"]},{"@type":"Person","@id":"https:\/\/www.ccof.org\/#\/schema\/person\/5ccd134e7ab95678db6afcb521a44e07","name":"admin","image":{"@type":"ImageObject","inLanguage":"es-MX","@id":"https:\/\/secure.gravatar.com\/avatar\/01a869e9508babcb1c66b6b41356b4ef63d5326e5b27c38b27ed4a46b8e36b9f?s=96&d=mm&r=g","url":"https:\/\/secure.gravatar.com\/avatar\/01a869e9508babcb1c66b6b41356b4ef63d5326e5b27c38b27ed4a46b8e36b9f?s=96&d=mm&r=g","contentUrl":"https:\/\/secure.gravatar.com\/avatar\/01a869e9508babcb1c66b6b41356b4ef63d5326e5b27c38b27ed4a46b8e36b9f?s=96&d=mm&r=g","caption":"admin"},"sameAs":["http:\/\/www.ccof.org\/wp"]}]}},"_links":{"self":[{"href":"https:\/\/www.ccof.org\/es\/wp-json\/wp\/v2\/posts\/33743","targetHints":{"allow":["GET"]}}],"collection":[{"href":"https:\/\/www.ccof.org\/es\/wp-json\/wp\/v2\/posts"}],"about":[{"href":"https:\/\/www.ccof.org\/es\/wp-json\/wp\/v2\/types\/post"}],"author":[{"embeddable":true,"href":"https:\/\/www.ccof.org\/es\/wp-json\/wp\/v2\/users\/1"}],"replies":[{"embeddable":true,"href":"https:\/\/www.ccof.org\/es\/wp-json\/wp\/v2\/comments?post=33743"}],"version-history":[{"count":3,"href":"https:\/\/www.ccof.org\/es\/wp-json\/wp\/v2\/posts\/33743\/revisions"}],"predecessor-version":[{"id":40812,"href":"https:\/\/www.ccof.org\/es\/wp-json\/wp\/v2\/posts\/33743\/revisions\/40812"}],"wp:featuredmedia":[{"embeddable":true,"href":"https:\/\/www.ccof.org\/es\/wp-json\/wp\/v2\/media\/34393"}],"wp:attachment":[{"href":"https:\/\/www.ccof.org\/es\/wp-json\/wp\/v2\/media?parent=33743"}],"wp:term":[{"taxonomy":"category","embeddable":true,"href":"https:\/\/www.ccof.org\/es\/wp-json\/wp\/v2\/categories?post=33743"}],"curies":[{"name":"wp","href":"https:\/\/api.w.org\/{rel}","templated":true}]}}